{"id":184087,"date":"2021-06-07T15:11:55","date_gmt":"2021-06-07T12:11:55","guid":{"rendered":"http:\/\/107.6.182.27\/es\/?p=184087"},"modified":"2021-06-07T15:11:55","modified_gmt":"2021-06-07T12:11:55","slug":"clanes-de-al-mayadeen-confirman-apoyo-al-reelecto-presidente-bashar-al-assad","status":"publish","type":"post","link":"https:\/\/archive.sana.sy\/es\/?p=184087","title":{"rendered":"Clanes de al-Mayadeen confirman apoyo al reelecto presidente Bashar al-Assad"},"content":{"rendered":"<p style=\"text-align: justify;\"><span style=\"color: #800000;\"><strong>Deir Ezzor, SANA<\/strong><\/span><\/p>\n<p style=\"text-align: justify;\">Los clanes del municipio de al-Mayadeen en este de la provincia siria de Deir Ezzor protagonizaron un acto popular en el que participaron delegaciones y representantes de todas las tribus.<\/p>\n<p style=\"text-align: justify;\">Los presentes en el evento izaron banderas nacionales y fotos del presidente reelecto Bashar al-Assad, y ratificaron el apego de los integrantes de las tribus a las constantes nacionales y a la unidad e integridad del suelo sirio.<\/p>\n<p style=\"text-align: justify;\">Reiteraron la confianza en la liberaci\u00f3n de todas los territorios sirios del terrorismo y la expulsi\u00f3n del ocupante estadounidense y sus lacayos separatistas de la regi\u00f3n siria de Al-Jazira.<\/p>\n<p style=\"text-align: justify;\">Se\u00f1alaron que la victoria electoral de Bashar al-Assad en las elecciones presidenciales confirma la fortaleza de las instituciones del Estado y la independencia de su decisi\u00f3n nacional.<\/p>\n<p style=\"text-align: justify;\">En entrevistas al corresponsal de SANA, los notables de los clanes al-Bujamil y Juhish al-Zubaidiya, y de la tribu al-Busraya aseguraron que los resultados de las elecciones reflejan las esperanzas de los sirios que desean completar el proceso de consolidaci\u00f3n de la seguridad y la estabilidad a todos los territorios sirios.<\/p>\n<p style=\"text-align: justify;\">Destacaron que la pr\u00f3xima etapa es de trabajar y explotar al m\u00e1ximo las energ\u00edas en aras que Siria vuelva mejor de lo que era.<\/p>\n<p style=\"text-align: justify;\"><strong><span style=\"color: #0000ff;\">fm\/ed<\/span><\/strong><\/p>\n","protected":false},"excerpt":{"rendered":"<p>Deir Ezzor, SANA Los clanes del municipio de al-Mayadeen en este de la provincia siria de Deir Ezzor protagonizaron un acto popular en el que participaron delegaciones y representantes de todas las tribus. Los presentes en el evento izaron banderas nacionales y fotos del presidente reelecto Bashar al-Assad, y ratificaron el apego de los integrantes &hellip;<\/p>\n","protected":false},"author":32,"featured_media":184088,"comment_status":"closed","ping_status":"closed","sticky":false,"template":"","format":"standard","meta":{"footnotes":""},"categories":[597,19009,476,7541],"tags":[],"class_list":["post-184087","post","type-post","status-publish","format-standard","has-post-thumbnail","","category-cinta-de-noticias","category-elecciones-presidenciales-2021","category-locales","category-ultimas-noticias"],"_links":{"self":[{"href":"https:\/\/archive.sana.sy\/es\/index.php?rest_route=\/wp\/v2\/posts\/184087"}],"collection":[{"href":"https:\/\/archive.sana.sy\/es\/index.php?rest_route=\/wp\/v2\/posts"}],"about":[{"href":"https:\/\/archive.sana.sy\/es\/index.php?rest_route=\/wp\/v2\/types\/post"}],"author":[{"embeddable":true,"href":"https:\/\/archive.sana.sy\/es\/index.php?rest_route=\/wp\/v2\/users\/32"}],"replies":[{"embeddable":true,"href":"https:\/\/archive.sana.sy\/es\/index.php?rest_route=%2Fwp%2Fv2%2Fcomments&post=184087"}],"version-history":[{"count":0,"href":"https:\/\/archive.sana.sy\/es\/index.php?rest_route=\/wp\/v2\/posts\/184087\/revisions"}],"wp:featuredmedia":[{"embeddable":true,"href":"https:\/\/archive.sana.sy\/es\/index.php?rest_route=\/wp\/v2\/media\/184088"}],"wp:attachment":[{"href":"https:\/\/archive.sana.sy\/es\/index.php?rest_route=%2Fwp%2Fv2%2Fmedia&parent=184087"}],"wp:term":[{"taxonomy":"category","embeddable":true,"href":"https:\/\/archive.sana.sy\/es\/index.php?rest_route=%2Fwp%2Fv2%2Fcategories&post=184087"},{"taxonomy":"post_tag","embeddable":true,"href":"https:\/\/archive.sana.sy\/es\/index.php?rest_route=%2Fwp%2Fv2%2Ftags&post=184087"}],"curies":[{"name":"wp","href":"https:\/\/api.w.org\/{rel}","templated":true}]}}