{"id":184090,"date":"2021-06-07T15:01:02","date_gmt":"2021-06-07T12:01:02","guid":{"rendered":"http:\/\/107.6.182.27\/es\/?p=184090"},"modified":"2021-06-07T15:30:14","modified_gmt":"2021-06-07T12:30:14","slug":"comunidad-siria-en-sudafrica-celebra-triunfo-de-al-assad-en-elecciones-presidenciales","status":"publish","type":"post","link":"https:\/\/archive.sana.sy\/es\/?p=184090","title":{"rendered":"Comunidad siria en Sud\u00e1frica celebra triunfo de al-Assad en elecciones presidenciales"},"content":{"rendered":"<p style=\"text-align: justify;\"><span style=\"color: #800000;\"><strong>Pretoria, SANA<\/strong><\/span><\/p>\n<p style=\"text-align: justify;\">Integrantes de la comunidad siria en Sud\u00e1frica celebraron el \u00e9xito de las elecciones presidenciales y el triunfo del Dr. Bashar al-Assad en las mismas.<\/p>\n<p style=\"text-align: justify;\">Los participantes en el evento celebrado en la sede de la Embajada de Siria en Pretoria y en el que estuvieron presentes personalidades pol\u00edticas y activistas sudafricanas, se manifest\u00f3 la alegr\u00eda por la victoria del presidente al-Assad y los presentes reiteraron su confianza en la capacidad de liderazgo de Siria para lograr la seguridad y la reconstrucci\u00f3n de lo destruido por el terrorismo.<\/p>\n<p style=\"text-align: justify;\">El embajador de Siria en Sud\u00e1frica, Anfwan Naeb, afirm\u00f3 que las elecciones presidenciales constituyeron una victoria para la decisi\u00f3n nacional siria y la voluntad de los sirios, y una expresi\u00f3n expl\u00edcita de su rechazo a los intentos de los pa\u00edses occidentales de intervenir en sus asuntos internos.<\/p>\n<p style=\"text-align: justify;\"><strong><span style=\"color: #0000ff;\">ed\/fm<\/span><\/strong><\/p>\n","protected":false},"excerpt":{"rendered":"<p>Pretoria, SANA Integrantes de la comunidad siria en Sud\u00e1frica celebraron el \u00e9xito de las elecciones presidenciales y el triunfo del Dr. Bashar al-Assad en las mismas. Los participantes en el evento celebrado en la sede de la Embajada de Siria en Pretoria y en el que estuvieron presentes personalidades pol\u00edticas y activistas sudafricanas, se manifest\u00f3 &hellip;<\/p>\n","protected":false},"author":32,"featured_media":184091,"comment_status":"closed","ping_status":"closed","sticky":false,"template":"","format":"standard","meta":{"footnotes":""},"categories":[597,19009,467,7541],"tags":[],"class_list":["post-184090","post","type-post","status-publish","format-standard","has-post-thumbnail","","category-cinta-de-noticias","category-elecciones-presidenciales-2021","category-siria-y-el-mundo","category-ultimas-noticias"],"_links":{"self":[{"href":"https:\/\/archive.sana.sy\/es\/index.php?rest_route=\/wp\/v2\/posts\/184090"}],"collection":[{"href":"https:\/\/archive.sana.sy\/es\/index.php?rest_route=\/wp\/v2\/posts"}],"about":[{"href":"https:\/\/archive.sana.sy\/es\/index.php?rest_route=\/wp\/v2\/types\/post"}],"author":[{"embeddable":true,"href":"https:\/\/archive.sana.sy\/es\/index.php?rest_route=\/wp\/v2\/users\/32"}],"replies":[{"embeddable":true,"href":"https:\/\/archive.sana.sy\/es\/index.php?rest_route=%2Fwp%2Fv2%2Fcomments&post=184090"}],"version-history":[{"count":0,"href":"https:\/\/archive.sana.sy\/es\/index.php?rest_route=\/wp\/v2\/posts\/184090\/revisions"}],"wp:featuredmedia":[{"embeddable":true,"href":"https:\/\/archive.sana.sy\/es\/index.php?rest_route=\/wp\/v2\/media\/184091"}],"wp:attachment":[{"href":"https:\/\/archive.sana.sy\/es\/index.php?rest_route=%2Fwp%2Fv2%2Fmedia&parent=184090"}],"wp:term":[{"taxonomy":"category","embeddable":true,"href":"https:\/\/archive.sana.sy\/es\/index.php?rest_route=%2Fwp%2Fv2%2Fcategories&post=184090"},{"taxonomy":"post_tag","embeddable":true,"href":"https:\/\/archive.sana.sy\/es\/index.php?rest_route=%2Fwp%2Fv2%2Ftags&post=184090"}],"curies":[{"name":"wp","href":"https:\/\/api.w.org\/{rel}","templated":true}]}}