{"id":184130,"date":"2021-06-07T22:19:29","date_gmt":"2021-06-07T19:19:29","guid":{"rendered":"http:\/\/107.6.182.27\/es\/?p=184130"},"modified":"2021-06-07T22:19:29","modified_gmt":"2021-06-07T19:19:29","slug":"nuevo-ataque-con-explosivo-contra-convoy-de-la-milicia-separatista-fds","status":"publish","type":"post","link":"https:\/\/archive.sana.sy\/es\/?p=184130","title":{"rendered":"Nuevo ataque con explosivo contra convoy de la milicia separatista FDS"},"content":{"rendered":"<p><span style=\"color: #800000;\">Raqa, SANA<\/span><\/p>\n<p style=\"text-align: justify;\">Varios armados de la milicia proestadounidense \u201cFuerzas Democr\u00e1ticas de Siria\u201d (FDS) resultaron heridos por el estallido de un artefacto explosivo en el pueblo de al-Saqura al oeste de la provincia de Raqa.<\/p>\n<p style=\"text-align: justify;\">Activistas locales comunicaron a SANA que la carga explosiva estall\u00f3 al paso de un convoy de veh\u00edculos de la milicia FDS.<\/p>\n<p style=\"text-align: justify;\">\u201cLa explosi\u00f3n caus\u00f3 da\u00f1os materiales a un veh\u00edculo y lesiones a un miliciano\u201d, indicaron.<\/p>\n<p style=\"text-align: justify;\">El s\u00e1bado pasado, un miliciano de FDS muri\u00f3 y otros resultaron heridos por explosi\u00f3n de una mina en la localidad de al-Hussan en el oeste de Deir Ezzor.<\/p>\n<p><span style=\"color: #0000ff;\">rr\/fm<\/span><\/p>\n","protected":false},"excerpt":{"rendered":"<p>Raqa, SANA Varios armados de la milicia proestadounidense \u201cFuerzas Democr\u00e1ticas de Siria\u201d (FDS) resultaron heridos por el estallido de un artefacto explosivo en el pueblo de al-Saqura al oeste de la provincia de Raqa. Activistas locales comunicaron a SANA que la carga explosiva estall\u00f3 al paso de un convoy de veh\u00edculos de la milicia FDS. &hellip;<\/p>\n","protected":false},"author":31,"featured_media":184131,"comment_status":"closed","ping_status":"closed","sticky":false,"template":"","format":"standard","meta":{"footnotes":""},"categories":[597,573],"tags":[],"class_list":["post-184130","post","type-post","status-publish","format-standard","has-post-thumbnail","","category-cinta-de-noticias","category-la-realidad-de-los-acontecimientos-en-siria"],"_links":{"self":[{"href":"https:\/\/archive.sana.sy\/es\/index.php?rest_route=\/wp\/v2\/posts\/184130"}],"collection":[{"href":"https:\/\/archive.sana.sy\/es\/index.php?rest_route=\/wp\/v2\/posts"}],"about":[{"href":"https:\/\/archive.sana.sy\/es\/index.php?rest_route=\/wp\/v2\/types\/post"}],"author":[{"embeddable":true,"href":"https:\/\/archive.sana.sy\/es\/index.php?rest_route=\/wp\/v2\/users\/31"}],"replies":[{"embeddable":true,"href":"https:\/\/archive.sana.sy\/es\/index.php?rest_route=%2Fwp%2Fv2%2Fcomments&post=184130"}],"version-history":[{"count":0,"href":"https:\/\/archive.sana.sy\/es\/index.php?rest_route=\/wp\/v2\/posts\/184130\/revisions"}],"wp:featuredmedia":[{"embeddable":true,"href":"https:\/\/archive.sana.sy\/es\/index.php?rest_route=\/wp\/v2\/media\/184131"}],"wp:attachment":[{"href":"https:\/\/archive.sana.sy\/es\/index.php?rest_route=%2Fwp%2Fv2%2Fmedia&parent=184130"}],"wp:term":[{"taxonomy":"category","embeddable":true,"href":"https:\/\/archive.sana.sy\/es\/index.php?rest_route=%2Fwp%2Fv2%2Fcategories&post=184130"},{"taxonomy":"post_tag","embeddable":true,"href":"https:\/\/archive.sana.sy\/es\/index.php?rest_route=%2Fwp%2Fv2%2Ftags&post=184130"}],"curies":[{"name":"wp","href":"https:\/\/api.w.org\/{rel}","templated":true}]}}