{"id":184165,"date":"2021-06-08T14:35:45","date_gmt":"2021-06-08T11:35:45","guid":{"rendered":"http:\/\/107.6.182.27\/es\/?p=184165"},"modified":"2021-06-08T14:35:45","modified_gmt":"2021-06-08T11:35:45","slug":"explosion-de-una-mina-causa-danos-a-una-cosechadora-de-cereales-en-hama","status":"publish","type":"post","link":"https:\/\/archive.sana.sy\/es\/?p=184165","title":{"rendered":"Explosi\u00f3n de una mina causa da\u00f1os a una cosechadora de cereales en Hama"},"content":{"rendered":"<p style=\"text-align: justify;\"><strong><span style=\"color: #800000;\">Hama, SANA<\/span><\/strong><\/p>\n<p style=\"text-align: justify;\">Una mina remanente por grupos terroristas estall\u00f3 al paso de una cosechadora de granos en las tierras agr\u00edcolas de la aldea al-Jebin, en el extremo noroeste de la provincia central de Hama.<\/p>\n<p style=\"text-align: justify;\">Seg\u00fan reportes del corresponsal de SANA, la explosi\u00f3n caus\u00f3 da\u00f1os materiales a la m\u00e1quina que cosechaba trigo en la zona, adem\u00e1s de un peque\u00f1o incendio que fue controlado por los vecinos.<\/p>\n<p style=\"text-align: justify;\">Una semejante explosi\u00f3n el 30 de mayo pasado en una cosechadora agr\u00edcola en el mismo poblado y provoc\u00f3 la quema de unas tres hect\u00e1reas de campos de trigo.<\/p>\n<p style=\"text-align: justify;\">Antes de su derrota, las organizaciones terroristas colocaron minas y artefactos explosivos en las casas y tierras agr\u00edcolas para causar el mayor da\u00f1o posible a los civiles que quieren regresar a sus \u00e1reas liberadas del terrorismo.<\/p>\n<p style=\"text-align: justify;\"><strong><span style=\"color: #0000ff;\">fm\/ed<\/span><\/strong><\/p>\n","protected":false},"excerpt":{"rendered":"<p>Hama, SANA Una mina remanente por grupos terroristas estall\u00f3 al paso de una cosechadora de granos en las tierras agr\u00edcolas de la aldea al-Jebin, en el extremo noroeste de la provincia central de Hama. Seg\u00fan reportes del corresponsal de SANA, la explosi\u00f3n caus\u00f3 da\u00f1os materiales a la m\u00e1quina que cosechaba trigo en la zona, adem\u00e1s &hellip;<\/p>\n","protected":false},"author":32,"featured_media":184166,"comment_status":"closed","ping_status":"closed","sticky":false,"template":"","format":"standard","meta":{"footnotes":""},"categories":[477,447,597,476,7541],"tags":[],"class_list":["post-184165","post","type-post","status-publish","format-standard","has-post-thumbnail","","category-noticias-edulcorantes","category-local-politica","category-cinta-de-noticias","category-locales","category-ultimas-noticias"],"_links":{"self":[{"href":"https:\/\/archive.sana.sy\/es\/index.php?rest_route=\/wp\/v2\/posts\/184165"}],"collection":[{"href":"https:\/\/archive.sana.sy\/es\/index.php?rest_route=\/wp\/v2\/posts"}],"about":[{"href":"https:\/\/archive.sana.sy\/es\/index.php?rest_route=\/wp\/v2\/types\/post"}],"author":[{"embeddable":true,"href":"https:\/\/archive.sana.sy\/es\/index.php?rest_route=\/wp\/v2\/users\/32"}],"replies":[{"embeddable":true,"href":"https:\/\/archive.sana.sy\/es\/index.php?rest_route=%2Fwp%2Fv2%2Fcomments&post=184165"}],"version-history":[{"count":0,"href":"https:\/\/archive.sana.sy\/es\/index.php?rest_route=\/wp\/v2\/posts\/184165\/revisions"}],"wp:featuredmedia":[{"embeddable":true,"href":"https:\/\/archive.sana.sy\/es\/index.php?rest_route=\/wp\/v2\/media\/184166"}],"wp:attachment":[{"href":"https:\/\/archive.sana.sy\/es\/index.php?rest_route=%2Fwp%2Fv2%2Fmedia&parent=184165"}],"wp:term":[{"taxonomy":"category","embeddable":true,"href":"https:\/\/archive.sana.sy\/es\/index.php?rest_route=%2Fwp%2Fv2%2Fcategories&post=184165"},{"taxonomy":"post_tag","embeddable":true,"href":"https:\/\/archive.sana.sy\/es\/index.php?rest_route=%2Fwp%2Fv2%2Ftags&post=184165"}],"curies":[{"name":"wp","href":"https:\/\/api.w.org\/{rel}","templated":true}]}}