{"id":184180,"date":"2021-06-08T15:33:42","date_gmt":"2021-06-08T12:33:42","guid":{"rendered":"http:\/\/107.6.182.27\/es\/?p=184180"},"modified":"2021-06-08T15:57:54","modified_gmt":"2021-06-08T12:57:54","slug":"danos-materiales-por-explosion-de-bomba-colocada-en-automovil-en-afrin-norte-de-alepo","status":"publish","type":"post","link":"https:\/\/archive.sana.sy\/es\/?p=184180","title":{"rendered":"Da\u00f1os materiales por explosi\u00f3n de bomba colocada en autom\u00f3vil en Afrin, norte de Alepo"},"content":{"rendered":"<p style=\"text-align: justify;\"><span style=\"color: #800000;\"><strong>Alepo, SANA<\/strong><\/span><\/p>\n<p style=\"text-align: justify;\">Un artefacto explosivo colocado en un autom\u00f3vil estall\u00f3 hoy en la ciudad ocupada de Afrin, al noroeste de Alepo.<\/p>\n<p style=\"text-align: justify;\">Seg\u00fan activistas locales, el incidente ocurri\u00f3 en el barrio de Mahmudiya en la ciudad de Afrin, que est\u00e1 ocupada por grupos terroristas apoyados por el r\u00e9gimen turco, lo cual caus\u00f3 la quema del autom\u00f3vil y da\u00f1os materiales en el lugar de la explosi\u00f3n.<\/p>\n<p style=\"text-align: justify;\">Desde su ocupaci\u00f3n de la ciudad de Afrin, con el apoyo directo y participaci\u00f3n activa de las fuerzas de ocupaci\u00f3n turcas, las organizaciones terroristas ejercen varios m\u00e9todos de presi\u00f3n sobre los residentes de la ciudad para empujarlos a abandonar sus hogares y asentarse a terroristas y sus familias en su lugar.<\/p>\n<p style=\"text-align: justify;\"><strong><span style=\"color: #0000ff;\">fm\/ed<\/span><\/strong><\/p>\n","protected":false},"excerpt":{"rendered":"<p>Alepo, SANA Un artefacto explosivo colocado en un autom\u00f3vil estall\u00f3 hoy en la ciudad ocupada de Afrin, al noroeste de Alepo. Seg\u00fan activistas locales, el incidente ocurri\u00f3 en el barrio de Mahmudiya en la ciudad de Afrin, que est\u00e1 ocupada por grupos terroristas apoyados por el r\u00e9gimen turco, lo cual caus\u00f3 la quema del autom\u00f3vil &hellip;<\/p>\n","protected":false},"author":32,"featured_media":184185,"comment_status":"closed","ping_status":"closed","sticky":false,"template":"","format":"standard","meta":{"footnotes":""},"categories":[477,447,597,476,7541],"tags":[],"class_list":["post-184180","post","type-post","status-publish","format-standard","has-post-thumbnail","","category-noticias-edulcorantes","category-local-politica","category-cinta-de-noticias","category-locales","category-ultimas-noticias"],"_links":{"self":[{"href":"https:\/\/archive.sana.sy\/es\/index.php?rest_route=\/wp\/v2\/posts\/184180"}],"collection":[{"href":"https:\/\/archive.sana.sy\/es\/index.php?rest_route=\/wp\/v2\/posts"}],"about":[{"href":"https:\/\/archive.sana.sy\/es\/index.php?rest_route=\/wp\/v2\/types\/post"}],"author":[{"embeddable":true,"href":"https:\/\/archive.sana.sy\/es\/index.php?rest_route=\/wp\/v2\/users\/32"}],"replies":[{"embeddable":true,"href":"https:\/\/archive.sana.sy\/es\/index.php?rest_route=%2Fwp%2Fv2%2Fcomments&post=184180"}],"version-history":[{"count":0,"href":"https:\/\/archive.sana.sy\/es\/index.php?rest_route=\/wp\/v2\/posts\/184180\/revisions"}],"wp:featuredmedia":[{"embeddable":true,"href":"https:\/\/archive.sana.sy\/es\/index.php?rest_route=\/wp\/v2\/media\/184185"}],"wp:attachment":[{"href":"https:\/\/archive.sana.sy\/es\/index.php?rest_route=%2Fwp%2Fv2%2Fmedia&parent=184180"}],"wp:term":[{"taxonomy":"category","embeddable":true,"href":"https:\/\/archive.sana.sy\/es\/index.php?rest_route=%2Fwp%2Fv2%2Fcategories&post=184180"},{"taxonomy":"post_tag","embeddable":true,"href":"https:\/\/archive.sana.sy\/es\/index.php?rest_route=%2Fwp%2Fv2%2Ftags&post=184180"}],"curies":[{"name":"wp","href":"https:\/\/api.w.org\/{rel}","templated":true}]}}