{"id":184186,"date":"2021-06-08T18:27:06","date_gmt":"2021-06-08T15:27:06","guid":{"rendered":"http:\/\/107.6.182.27\/es\/?p=184186"},"modified":"2021-06-08T19:51:30","modified_gmt":"2021-06-08T16:51:30","slug":"presidente-al-assad-emite-un-decreto-relativo-a-los-estudiantes-participantes-en-las-olimpiadas-cientificas","status":"publish","type":"post","link":"https:\/\/archive.sana.sy\/es\/?p=184186","title":{"rendered":"Presidente al-Assad emite un decreto relativo a los estudiantes participantes en las Olimpiadas Cient\u00edficas"},"content":{"rendered":"<p style=\"text-align: justify\"><span style=\"color: #800000\">Damasco, SANA<\/span><\/p>\n<p style=\"text-align: justify\">El presidente Bashar al-Assad emiti\u00f3 hoy el martes el Decreto N \u00b0153 para el a\u00f1o 2021, el cual estipula otorgar a los destacados estudiantes de bachillerato del primer ciclo quienes participan en las Olimpiadas Cient\u00edficas Internacionales el derecho a postularse al segundo ciclo para mejorar sus notas en las asignaturas que hab\u00edan presentado, o volver a presentar las que faltaron durante el lapso de su participaci\u00f3n en las Olimpiadas fuera del pa\u00eds.<\/p>\n<p style=\"text-align: justify\"><em><strong><span style=\"color: #0000ff\">la<\/span><\/strong><\/em><\/p>\n","protected":false},"excerpt":{"rendered":"<p>Damasco, SANA El presidente Bashar al-Assad emiti\u00f3 hoy el martes el Decreto N \u00b0153 para el a\u00f1o 2021, el cual estipula otorgar a los destacados estudiantes de bachillerato del primer ciclo quienes participan en las Olimpiadas Cient\u00edficas Internacionales el derecho a postularse al segundo ciclo para mejorar sus notas en las asignaturas que hab\u00edan presentado, &hellip;<\/p>\n","protected":false},"author":24,"featured_media":176304,"comment_status":"closed","ping_status":"closed","sticky":false,"template":"","format":"standard","meta":{"footnotes":""},"categories":[597,628,476,16237,626],"tags":[],"class_list":["post-184186","post","type-post","status-publish","format-standard","has-post-thumbnail","","category-cinta-de-noticias","category-discursos","category-locales","category-presidence-de-la-republique-arabe-syria","category-sr-presidente"],"_links":{"self":[{"href":"https:\/\/archive.sana.sy\/es\/index.php?rest_route=\/wp\/v2\/posts\/184186"}],"collection":[{"href":"https:\/\/archive.sana.sy\/es\/index.php?rest_route=\/wp\/v2\/posts"}],"about":[{"href":"https:\/\/archive.sana.sy\/es\/index.php?rest_route=\/wp\/v2\/types\/post"}],"author":[{"embeddable":true,"href":"https:\/\/archive.sana.sy\/es\/index.php?rest_route=\/wp\/v2\/users\/24"}],"replies":[{"embeddable":true,"href":"https:\/\/archive.sana.sy\/es\/index.php?rest_route=%2Fwp%2Fv2%2Fcomments&post=184186"}],"version-history":[{"count":0,"href":"https:\/\/archive.sana.sy\/es\/index.php?rest_route=\/wp\/v2\/posts\/184186\/revisions"}],"wp:featuredmedia":[{"embeddable":true,"href":"https:\/\/archive.sana.sy\/es\/index.php?rest_route=\/wp\/v2\/media\/176304"}],"wp:attachment":[{"href":"https:\/\/archive.sana.sy\/es\/index.php?rest_route=%2Fwp%2Fv2%2Fmedia&parent=184186"}],"wp:term":[{"taxonomy":"category","embeddable":true,"href":"https:\/\/archive.sana.sy\/es\/index.php?rest_route=%2Fwp%2Fv2%2Fcategories&post=184186"},{"taxonomy":"post_tag","embeddable":true,"href":"https:\/\/archive.sana.sy\/es\/index.php?rest_route=%2Fwp%2Fv2%2Ftags&post=184186"}],"curies":[{"name":"wp","href":"https:\/\/api.w.org\/{rel}","templated":true}]}}