{"id":184205,"date":"2021-06-08T18:22:05","date_gmt":"2021-06-08T15:22:05","guid":{"rendered":"http:\/\/107.6.182.27\/es\/?p=184205"},"modified":"2021-06-08T19:52:31","modified_gmt":"2021-06-08T16:52:31","slug":"gabinete-debate-pasos-para-mejorar-productividad-del-sector-publico-e-impulsar-proceso-de-reconstruccion","status":"publish","type":"post","link":"https:\/\/archive.sana.sy\/es\/?p=184205","title":{"rendered":"Gabinete debate pasos para mejorar productividad del sector p\u00fablico e impulsar proceso de reconstrucci\u00f3n"},"content":{"rendered":"<p style=\"text-align: justify\"><span style=\"color: #800000\">Damasco, SANA<\/span><\/p>\n<p style=\"text-align: justify\">El Gabinete debati\u00f3 durante su sesi\u00f3n semanal de hoy el proyecto de ley sobre sociedades an\u00f3nimas y sociedades mixtas, el cual tiene por objetivo desarrollar el sector p\u00fablico econ\u00f3mico y aumentar su productividad y rentabilidad.<\/p>\n<p style=\"text-align: justify\">Y dentro de su estrategia de dar seguimiento al proceso de reconstrucci\u00f3n, el gabinete aprob\u00f3 la ejecuci\u00f3n del complejo residencial \u201cNo. 21\u201d en la nueva ciudad de Dimas (suburbio de Damasco) cuya superficie es de m\u00e1s de 17 hect\u00e1reas y contar\u00e1 con un total de 2695 apartamentos.<\/p>\n<p style=\"text-align: justify\">Asimismo exigi\u00f3 a los ministerios pertinentes redoblar esfuerzos para mejorar la situaci\u00f3n del sector energ\u00e9tico, as\u00ed como llam\u00f3 a emplear la energ\u00eda alternativa dentro de las instalaciones industriales.<\/p>\n<p style=\"text-align: justify\"><span style=\"color: #0000ff\"><em><strong>la<\/strong><\/em><\/span><\/p>\n<p style=\"text-align: justify\">\n","protected":false},"excerpt":{"rendered":"<p>Damasco, SANA El Gabinete debati\u00f3 durante su sesi\u00f3n semanal de hoy el proyecto de ley sobre sociedades an\u00f3nimas y sociedades mixtas, el cual tiene por objetivo desarrollar el sector p\u00fablico econ\u00f3mico y aumentar su productividad y rentabilidad. Y dentro de su estrategia de dar seguimiento al proceso de reconstrucci\u00f3n, el gabinete aprob\u00f3 la ejecuci\u00f3n del &hellip;<\/p>\n","protected":false},"author":24,"featured_media":184206,"comment_status":"closed","ping_status":"closed","sticky":false,"template":"","format":"standard","meta":{"footnotes":""},"categories":[597,476,583],"tags":[],"class_list":["post-184205","post","type-post","status-publish","format-standard","has-post-thumbnail","","category-cinta-de-noticias","category-locales","category-slide"],"_links":{"self":[{"href":"https:\/\/archive.sana.sy\/es\/index.php?rest_route=\/wp\/v2\/posts\/184205"}],"collection":[{"href":"https:\/\/archive.sana.sy\/es\/index.php?rest_route=\/wp\/v2\/posts"}],"about":[{"href":"https:\/\/archive.sana.sy\/es\/index.php?rest_route=\/wp\/v2\/types\/post"}],"author":[{"embeddable":true,"href":"https:\/\/archive.sana.sy\/es\/index.php?rest_route=\/wp\/v2\/users\/24"}],"replies":[{"embeddable":true,"href":"https:\/\/archive.sana.sy\/es\/index.php?rest_route=%2Fwp%2Fv2%2Fcomments&post=184205"}],"version-history":[{"count":0,"href":"https:\/\/archive.sana.sy\/es\/index.php?rest_route=\/wp\/v2\/posts\/184205\/revisions"}],"wp:featuredmedia":[{"embeddable":true,"href":"https:\/\/archive.sana.sy\/es\/index.php?rest_route=\/wp\/v2\/media\/184206"}],"wp:attachment":[{"href":"https:\/\/archive.sana.sy\/es\/index.php?rest_route=%2Fwp%2Fv2%2Fmedia&parent=184205"}],"wp:term":[{"taxonomy":"category","embeddable":true,"href":"https:\/\/archive.sana.sy\/es\/index.php?rest_route=%2Fwp%2Fv2%2Fcategories&post=184205"},{"taxonomy":"post_tag","embeddable":true,"href":"https:\/\/archive.sana.sy\/es\/index.php?rest_route=%2Fwp%2Fv2%2Ftags&post=184205"}],"curies":[{"name":"wp","href":"https:\/\/api.w.org\/{rel}","templated":true}]}}