{"id":184217,"date":"2021-06-08T19:33:05","date_gmt":"2021-06-08T16:33:05","guid":{"rendered":"http:\/\/107.6.182.27\/es\/?p=184217"},"modified":"2023-01-12T14:41:06","modified_gmt":"2023-01-12T12:41:06","slug":"el-consejo-de-seguridad-apoya-a-guterres-para-un-nuevo-mandato","status":"publish","type":"post","link":"https:\/\/archive.sana.sy\/es\/?p=184217","title":{"rendered":"El Consejo de Seguridad apoya a Guterres para un nuevo mandato"},"content":{"rendered":"<p><span style=\"color: #800000;\">Naciones Unidas, SANA<\/span><\/p>\n<p style=\"text-align: justify;\">El Consejo de Seguridad aprob\u00f3 por unanimidad este martes recomendar a Antonio Guterres, de 72 a\u00f1os, para un segundo mandato como secretario general de la ONU para el per\u00edodo 2022-2026.<\/p>\n<p style=\"text-align: justify;\">El Consejo, clave en el proceso de nominaci\u00f3n, aprob\u00f3 en una sesi\u00f3n a puertas cerradas la recomendaci\u00f3n para que la Asamblea General apruebe un segundo mandato de Guterres, anunci\u00f3 su actual presidente, el embajador de Estonia Sven J\u00fcrgenson., seg\u00fan inform\u00f3 la agencia AFP.<\/p>\n<p style=\"text-align: justify;\">Se considera que la aprobaci\u00f3n de la Asamblea ser\u00e1 una mera formalidad y que tendr\u00e1 lugar en breve.<\/p>\n<p style=\"text-align: justify;\">En el cargo desde enero de 2017, el ex primer ministro portugu\u00e9s fue el \u00fanico postulante en carrera, pese a que otras 10 figuras buscaron el puesto, aunque no eran candidatos formales debido a que no contaban con el respaldo de ninguno de los 193 pa\u00edses que integran la ONU.<\/p>\n<p><em>mm<\/em><\/p>\n","protected":false},"excerpt":{"rendered":"<p>Naciones Unidas, SANA El Consejo de Seguridad aprob\u00f3 por unanimidad este martes recomendar a Antonio Guterres, de 72 a\u00f1os, para un segundo mandato como secretario general de la ONU para el per\u00edodo 2022-2026. El Consejo, clave en el proceso de nominaci\u00f3n, aprob\u00f3 en una sesi\u00f3n a puertas cerradas la recomendaci\u00f3n para que la Asamblea General &hellip;<\/p>\n","protected":false},"author":36,"featured_media":184218,"comment_status":"closed","ping_status":"closed","sticky":false,"template":"","format":"standard","meta":{"footnotes":""},"categories":[597,456,457],"tags":[],"class_list":["post-184217","post","type-post","status-publish","format-standard","has-post-thumbnail","","category-cinta-de-noticias","category-arabe-internacional-politica","category-noticias-arabe-internacional-politica"],"_links":{"self":[{"href":"https:\/\/archive.sana.sy\/es\/index.php?rest_route=\/wp\/v2\/posts\/184217"}],"collection":[{"href":"https:\/\/archive.sana.sy\/es\/index.php?rest_route=\/wp\/v2\/posts"}],"about":[{"href":"https:\/\/archive.sana.sy\/es\/index.php?rest_route=\/wp\/v2\/types\/post"}],"author":[{"embeddable":true,"href":"https:\/\/archive.sana.sy\/es\/index.php?rest_route=\/wp\/v2\/users\/36"}],"replies":[{"embeddable":true,"href":"https:\/\/archive.sana.sy\/es\/index.php?rest_route=%2Fwp%2Fv2%2Fcomments&post=184217"}],"version-history":[{"count":0,"href":"https:\/\/archive.sana.sy\/es\/index.php?rest_route=\/wp\/v2\/posts\/184217\/revisions"}],"wp:featuredmedia":[{"embeddable":true,"href":"https:\/\/archive.sana.sy\/es\/index.php?rest_route=\/wp\/v2\/media\/184218"}],"wp:attachment":[{"href":"https:\/\/archive.sana.sy\/es\/index.php?rest_route=%2Fwp%2Fv2%2Fmedia&parent=184217"}],"wp:term":[{"taxonomy":"category","embeddable":true,"href":"https:\/\/archive.sana.sy\/es\/index.php?rest_route=%2Fwp%2Fv2%2Fcategories&post=184217"},{"taxonomy":"post_tag","embeddable":true,"href":"https:\/\/archive.sana.sy\/es\/index.php?rest_route=%2Fwp%2Fv2%2Ftags&post=184217"}],"curies":[{"name":"wp","href":"https:\/\/api.w.org\/{rel}","templated":true}]}}