{"id":184287,"date":"2021-06-09T14:19:50","date_gmt":"2021-06-09T11:19:50","guid":{"rendered":"http:\/\/107.6.182.27\/es\/?p=184287"},"modified":"2021-06-09T15:12:56","modified_gmt":"2021-06-09T12:12:56","slug":"la-republica-arabe-siria-rechaza-rotundamente-las-declaraciones-del-secretario-de-estado-de-ee-uu-con-respecto-al-golan-sirio-ocupado-y-que-se-inscriben-en-el-contexto-del-apoyo-continuo-de-washingt","status":"publish","type":"post","link":"https:\/\/archive.sana.sy\/es\/?p=184287","title":{"rendered":"La Rep\u00fablica \u00c1rabe Siria rechaza rotundamente las declaraciones del Secretario de Estado de EE.UU. con respecto al Gol\u00e1n sirio ocupado, y que se inscriben en el contexto del apoyo continuo de Washington a la entidad ocupante israel\u00ed y su contin\u00faa agresi\u00f3n"},"content":{"rendered":"","protected":false},"excerpt":{"rendered":"","protected":false},"author":32,"featured_media":0,"comment_status":"closed","ping_status":"closed","sticky":false,"template":"","format":"standard","meta":{"footnotes":""},"categories":[1],"tags":[],"class_list":["post-184287","post","type-post","status-publish","format-standard","","category-news-not-sorted"],"_links":{"self":[{"href":"https:\/\/archive.sana.sy\/es\/index.php?rest_route=\/wp\/v2\/posts\/184287"}],"collection":[{"href":"https:\/\/archive.sana.sy\/es\/index.php?rest_route=\/wp\/v2\/posts"}],"about":[{"href":"https:\/\/archive.sana.sy\/es\/index.php?rest_route=\/wp\/v2\/types\/post"}],"author":[{"embeddable":true,"href":"https:\/\/archive.sana.sy\/es\/index.php?rest_route=\/wp\/v2\/users\/32"}],"replies":[{"embeddable":true,"href":"https:\/\/archive.sana.sy\/es\/index.php?rest_route=%2Fwp%2Fv2%2Fcomments&post=184287"}],"version-history":[{"count":0,"href":"https:\/\/archive.sana.sy\/es\/index.php?rest_route=\/wp\/v2\/posts\/184287\/revisions"}],"wp:attachment":[{"href":"https:\/\/archive.sana.sy\/es\/index.php?rest_route=%2Fwp%2Fv2%2Fmedia&parent=184287"}],"wp:term":[{"taxonomy":"category","embeddable":true,"href":"https:\/\/archive.sana.sy\/es\/index.php?rest_route=%2Fwp%2Fv2%2Fcategories&post=184287"},{"taxonomy":"post_tag","embeddable":true,"href":"https:\/\/archive.sana.sy\/es\/index.php?rest_route=%2Fwp%2Fv2%2Ftags&post=184287"}],"curies":[{"name":"wp","href":"https:\/\/api.w.org\/{rel}","templated":true}]}}