{"id":184293,"date":"2021-06-09T15:55:59","date_gmt":"2021-06-09T12:55:59","guid":{"rendered":"http:\/\/107.6.182.27\/es\/?p=184293"},"modified":"2023-01-10T15:14:14","modified_gmt":"2023-01-10T13:14:14","slug":"agricultores-de-palmira-cosechan-su-trigo-tras-anos-de-interrupcion-por-el-terrorismo-fotos","status":"publish","type":"post","link":"https:\/\/archive.sana.sy\/es\/?p=184293","title":{"rendered":"Agricultores de Palmira cosechan su trigo tras a\u00f1os de interrupci\u00f3n por el terrorismo (+ fotos)"},"content":{"rendered":"<p style=\"text-align: justify\"><span style=\"color: #800000\"><strong>Palmira, SANA<\/strong><\/span><\/p>\n<p style=\"text-align: justify\">Despu\u00e9s de una interrupci\u00f3n de siete a\u00f1os debido al terrorismo, los agricultores de la zona al-Bayarat al oeste de la ciudad de Palmira en el desierto sirio, volvieron a cosechar trigo en sus tierras.<\/p>\n<p style=\"text-align: justify\">El jefe del Departamento de Agricultura de Palmira, Ahmed Yussef, declar\u00f3 a SANA que el \u00e1rea sembrada con trigo supera las 2600 hect\u00e1reas.<\/p>\n<p style=\"text-align: justify\">A su vez, el director de Agricultora de Palmira, Ahmed Negm, agradeci\u00f3 al Ej\u00e9rcito \u00c1rabe Sirio por contribuir al \u00e9xito de la cosecha por las labores de desminado en las tierra tras la expulsi\u00f3n de los terroristas.<\/p>\n<p style=\"text-align: justify\"><strong><span style=\"color: #0000ff\">fm\/ed<\/span><\/strong><\/p>\n<div id='gallery-1' class='gallery galleryid-184293 gallery-columns-1 gallery-size-full'><figure class='gallery-item'>\n\t\t\t<div class='gallery-icon landscape'>\n\t\t\t\t<a href='https:\/\/archive.sana.sy\/es\/wp-content\/uploads\/2021\/06\/1-2-1-scaled.jpg'><img loading=\"lazy\" decoding=\"async\" width=\"2560\" height=\"1265\" src=\"https:\/\/archive.sana.sy\/es\/wp-content\/uploads\/2021\/06\/1-2-1-scaled.jpg\" class=\"attachment-full size-full\" alt=\"\" srcset=\"https:\/\/archive.sana.sy\/es\/wp-content\/uploads\/2021\/06\/1-2-1-scaled.jpg 2560w, https:\/\/archive.sana.sy\/es\/wp-content\/uploads\/2021\/06\/1-2-1-300x148.jpg 300w, https:\/\/archive.sana.sy\/es\/wp-content\/uploads\/2021\/06\/1-2-1-1024x506.jpg 1024w, https:\/\/archive.sana.sy\/es\/wp-content\/uploads\/2021\/06\/1-2-1-150x74.jpg 150w, https:\/\/archive.sana.sy\/es\/wp-content\/uploads\/2021\/06\/1-2-1-768x380.jpg 768w, https:\/\/archive.sana.sy\/es\/wp-content\/uploads\/2021\/06\/1-2-1-1536x759.jpg 1536w, https:\/\/archive.sana.sy\/es\/wp-content\/uploads\/2021\/06\/1-2-1-2048x1012.jpg 2048w\" sizes=\"(max-width: 2560px) 100vw, 2560px\" \/><\/a>\n\t\t\t<\/div><\/figure><figure class='gallery-item'>\n\t\t\t<div class='gallery-icon landscape'>\n\t\t\t\t<a href='https:\/\/archive.sana.sy\/es\/wp-content\/uploads\/2021\/06\/1-9-1-scaled.jpg'><img loading=\"lazy\" decoding=\"async\" width=\"2560\" height=\"1440\" src=\"https:\/\/archive.sana.sy\/es\/wp-content\/uploads\/2021\/06\/1-9-1-scaled.jpg\" class=\"attachment-full size-full\" alt=\"\" srcset=\"https:\/\/archive.sana.sy\/es\/wp-content\/uploads\/2021\/06\/1-9-1-scaled.jpg 2560w, https:\/\/archive.sana.sy\/es\/wp-content\/uploads\/2021\/06\/1-9-1-300x169.jpg 300w, https:\/\/archive.sana.sy\/es\/wp-content\/uploads\/2021\/06\/1-9-1-1024x576.jpg 1024w, https:\/\/archive.sana.sy\/es\/wp-content\/uploads\/2021\/06\/1-9-1-150x84.jpg 150w, https:\/\/archive.sana.sy\/es\/wp-content\/uploads\/2021\/06\/1-9-1-768x432.jpg 768w, https:\/\/archive.sana.sy\/es\/wp-content\/uploads\/2021\/06\/1-9-1-1536x864.jpg 1536w, https:\/\/archive.sana.sy\/es\/wp-content\/uploads\/2021\/06\/1-9-1-2048x1152.jpg 2048w\" sizes=\"(max-width: 2560px) 100vw, 2560px\" \/><\/a>\n\t\t\t<\/div><\/figure><figure class='gallery-item'>\n\t\t\t<div class='gallery-icon landscape'>\n\t\t\t\t<a href='https:\/\/archive.sana.sy\/es\/wp-content\/uploads\/2021\/06\/1-11-scaled.jpg'><img loading=\"lazy\" decoding=\"async\" width=\"2560\" height=\"1454\" src=\"https:\/\/archive.sana.sy\/es\/wp-content\/uploads\/2021\/06\/1-11-scaled.jpg\" class=\"attachment-full size-full\" alt=\"\" srcset=\"https:\/\/archive.sana.sy\/es\/wp-content\/uploads\/2021\/06\/1-11-scaled.jpg 2560w, https:\/\/archive.sana.sy\/es\/wp-content\/uploads\/2021\/06\/1-11-300x170.jpg 300w, https:\/\/archive.sana.sy\/es\/wp-content\/uploads\/2021\/06\/1-11-1024x582.jpg 1024w, https:\/\/archive.sana.sy\/es\/wp-content\/uploads\/2021\/06\/1-11-150x85.jpg 150w, https:\/\/archive.sana.sy\/es\/wp-content\/uploads\/2021\/06\/1-11-768x436.jpg 768w, https:\/\/archive.sana.sy\/es\/wp-content\/uploads\/2021\/06\/1-11-1536x873.jpg 1536w, https:\/\/archive.sana.sy\/es\/wp-content\/uploads\/2021\/06\/1-11-2048x1164.jpg 2048w\" sizes=\"(max-width: 2560px) 100vw, 2560px\" \/><\/a>\n\t\t\t<\/div><\/figure>\n\t\t<\/div>\n\n","protected":false},"excerpt":{"rendered":"<p>Palmira, SANA Despu\u00e9s de una interrupci\u00f3n de siete a\u00f1os debido al terrorismo, los agricultores de la zona al-Bayarat al oeste de la ciudad de Palmira en el desierto sirio, volvieron a cosechar trigo en sus tierras. El jefe del Departamento de Agricultura de Palmira, Ahmed Yussef, declar\u00f3 a SANA que el \u00e1rea sembrada con trigo &hellip;<\/p>\n","protected":false},"author":32,"featured_media":184294,"comment_status":"closed","ping_status":"closed","sticky":false,"template":"","format":"standard","meta":{"footnotes":""},"categories":[597,16686,485,476,7541],"tags":[],"class_list":["post-184293","post","type-post","status-publish","format-standard","has-post-thumbnail","","category-cinta-de-noticias","category-economia","category-informes-negocios-y-finanzas","category-locales","category-ultimas-noticias"],"_links":{"self":[{"href":"https:\/\/archive.sana.sy\/es\/index.php?rest_route=\/wp\/v2\/posts\/184293"}],"collection":[{"href":"https:\/\/archive.sana.sy\/es\/index.php?rest_route=\/wp\/v2\/posts"}],"about":[{"href":"https:\/\/archive.sana.sy\/es\/index.php?rest_route=\/wp\/v2\/types\/post"}],"author":[{"embeddable":true,"href":"https:\/\/archive.sana.sy\/es\/index.php?rest_route=\/wp\/v2\/users\/32"}],"replies":[{"embeddable":true,"href":"https:\/\/archive.sana.sy\/es\/index.php?rest_route=%2Fwp%2Fv2%2Fcomments&post=184293"}],"version-history":[{"count":0,"href":"https:\/\/archive.sana.sy\/es\/index.php?rest_route=\/wp\/v2\/posts\/184293\/revisions"}],"wp:featuredmedia":[{"embeddable":true,"href":"https:\/\/archive.sana.sy\/es\/index.php?rest_route=\/wp\/v2\/media\/184294"}],"wp:attachment":[{"href":"https:\/\/archive.sana.sy\/es\/index.php?rest_route=%2Fwp%2Fv2%2Fmedia&parent=184293"}],"wp:term":[{"taxonomy":"category","embeddable":true,"href":"https:\/\/archive.sana.sy\/es\/index.php?rest_route=%2Fwp%2Fv2%2Fcategories&post=184293"},{"taxonomy":"post_tag","embeddable":true,"href":"https:\/\/archive.sana.sy\/es\/index.php?rest_route=%2Fwp%2Fv2%2Ftags&post=184293"}],"curies":[{"name":"wp","href":"https:\/\/api.w.org\/{rel}","templated":true}]}}