{"id":184305,"date":"2021-06-09T15:40:31","date_gmt":"2021-06-09T12:40:31","guid":{"rendered":"http:\/\/107.6.182.27\/es\/?p=184305"},"modified":"2023-01-10T15:14:14","modified_gmt":"2023-01-10T13:14:14","slug":"provincia-de-homs-produciria-casi-seis-mil-toneladas-de-albaricoque-segun-estimaciones-preliminares","status":"publish","type":"post","link":"https:\/\/archive.sana.sy\/es\/?p=184305","title":{"rendered":"Provincia de Homs producir\u00eda casi seis mil toneladas de albaricoque seg\u00fan estimaciones preliminares"},"content":{"rendered":"<p style=\"text-align: justify\"><span style=\"color: #800000\">Homs, SANA<\/span><\/p>\n<p style=\"text-align: justify\">El albaricoque es uno de los frutos m\u00e1s cultivados en Homs y se considera una fuente de ingreso importante para la poblaci\u00f3n de la provincia central.<\/p>\n<p style=\"text-align: justify\">Este a\u00f1o la producci\u00f3n se ve afectada debido a las heladas que azotaron a los \u00e1rboles frutales durante el per\u00edodo de floraci\u00f3n, seg\u00fan inform\u00f3 uno de los agricultores en la zona de al-Qusayr en el campo de Homs.<\/p>\n<p style=\"text-align: justify\">La superficie plantada de albaricoque en Homs alcanza unas 4827.2 hect\u00e1reas regadas y la producci\u00f3n para el a\u00f1o en curso se estima en 5747 toneladas, destac\u00f3.<\/p>\n<p style=\"text-align: justify\">Asimismo subray\u00f3 que el 90% de las superficies sembradas con esta fruta se concentran en la zona de al-Qusayr, donde se cumplen todas las condiciones adecuadas para su cultivo.<\/p>\n<p style=\"text-align: justify\"><span style=\"color: #0000ff\"><em><strong>la<\/strong><\/em><\/span><\/p>\n<p style=\"text-align: justify\">\n","protected":false},"excerpt":{"rendered":"<p>Homs, SANA El albaricoque es uno de los frutos m\u00e1s cultivados en Homs y se considera una fuente de ingreso importante para la poblaci\u00f3n de la provincia central. Este a\u00f1o la producci\u00f3n se ve afectada debido a las heladas que azotaron a los \u00e1rboles frutales durante el per\u00edodo de floraci\u00f3n, seg\u00fan inform\u00f3 uno de los &hellip;<\/p>\n","protected":false},"author":24,"featured_media":184306,"comment_status":"closed","ping_status":"closed","sticky":false,"template":"","format":"standard","meta":{"footnotes":""},"categories":[597,16686,485,476,7541],"tags":[],"class_list":["post-184305","post","type-post","status-publish","format-standard","has-post-thumbnail","","category-cinta-de-noticias","category-economia","category-informes-negocios-y-finanzas","category-locales","category-ultimas-noticias"],"_links":{"self":[{"href":"https:\/\/archive.sana.sy\/es\/index.php?rest_route=\/wp\/v2\/posts\/184305"}],"collection":[{"href":"https:\/\/archive.sana.sy\/es\/index.php?rest_route=\/wp\/v2\/posts"}],"about":[{"href":"https:\/\/archive.sana.sy\/es\/index.php?rest_route=\/wp\/v2\/types\/post"}],"author":[{"embeddable":true,"href":"https:\/\/archive.sana.sy\/es\/index.php?rest_route=\/wp\/v2\/users\/24"}],"replies":[{"embeddable":true,"href":"https:\/\/archive.sana.sy\/es\/index.php?rest_route=%2Fwp%2Fv2%2Fcomments&post=184305"}],"version-history":[{"count":0,"href":"https:\/\/archive.sana.sy\/es\/index.php?rest_route=\/wp\/v2\/posts\/184305\/revisions"}],"wp:featuredmedia":[{"embeddable":true,"href":"https:\/\/archive.sana.sy\/es\/index.php?rest_route=\/wp\/v2\/media\/184306"}],"wp:attachment":[{"href":"https:\/\/archive.sana.sy\/es\/index.php?rest_route=%2Fwp%2Fv2%2Fmedia&parent=184305"}],"wp:term":[{"taxonomy":"category","embeddable":true,"href":"https:\/\/archive.sana.sy\/es\/index.php?rest_route=%2Fwp%2Fv2%2Fcategories&post=184305"},{"taxonomy":"post_tag","embeddable":true,"href":"https:\/\/archive.sana.sy\/es\/index.php?rest_route=%2Fwp%2Fv2%2Ftags&post=184305"}],"curies":[{"name":"wp","href":"https:\/\/api.w.org\/{rel}","templated":true}]}}