{"id":184368,"date":"2021-06-10T07:01:15","date_gmt":"2021-06-10T04:01:15","guid":{"rendered":"http:\/\/107.6.182.27\/es\/?p=184368"},"modified":"2023-01-10T14:28:18","modified_gmt":"2023-01-10T12:28:18","slug":"fearab-ratifica-apoyo-al-pueblo-ejercito-y-liderazgo-de-siria","status":"publish","type":"post","link":"https:\/\/archive.sana.sy\/es\/?p=184368","title":{"rendered":"Fearab ratifica apoyo al pueblo, ej\u00e9rcito y liderazgo de Siria"},"content":{"rendered":"<p style=\"text-align: justify;\"><span style=\"color: #800000;\"><strong>Caracas, SANA<\/strong><\/span><\/p>\n<p style=\"text-align: justify;\">La Confederaci\u00f3n de Entidades \u00c1rabes en Am\u00e9rica (FEARAB) reiter\u00f3 su apoyo al pueblo, ej\u00e9rcito y liderazgo de Siria, y expres\u00f3 su rechazo a las injustas sanciones econ\u00f3micas occidentales impuestas al pueblo sirio.<\/p>\n<p style=\"text-align: justify;\">Esta postura fue anunciada durante su primera reuni\u00f3n celebrada bajo presidencia de Ziad Enrique Al-Hamad, jefe de la organizaci\u00f3n, y en presencia del secretario de la Organizaci\u00f3n del Partido \u00c1rabe Socialista Baath en Venezuela, Riyad Irsheid, en la sede del Club sirio en Caracas.<\/p>\n<p style=\"text-align: justify;\">Asimismo, FEARAB envi\u00f3 un cable de apoyo y felicitaciones al presidente Bashar al-Assad por su victoria en las elecciones presidenciales.<\/p>\n<p style=\"text-align: justify;\"><img loading=\"lazy\" decoding=\"async\" class=\"size-medium wp-image-184370 alignleft\" src=\"http:\/\/107.6.182.27\/es\/wp-content\/uploads\/2021\/06\/01-2-2-scaled-1-300x182.jpg\" alt=\"\" width=\"300\" height=\"182\" srcset=\"https:\/\/archive.sana.sy\/es\/wp-content\/uploads\/2021\/06\/01-2-2-scaled-1-300x182.jpg 300w, https:\/\/archive.sana.sy\/es\/wp-content\/uploads\/2021\/06\/01-2-2-scaled-1-1024x622.jpg 1024w, https:\/\/archive.sana.sy\/es\/wp-content\/uploads\/2021\/06\/01-2-2-scaled-1-150x91.jpg 150w, https:\/\/archive.sana.sy\/es\/wp-content\/uploads\/2021\/06\/01-2-2-scaled-1-768x467.jpg 768w, https:\/\/archive.sana.sy\/es\/wp-content\/uploads\/2021\/06\/01-2-2-scaled-1-1536x933.jpg 1536w, https:\/\/archive.sana.sy\/es\/wp-content\/uploads\/2021\/06\/01-2-2-scaled-1-2048x1244.jpg 2048w\" sizes=\"(max-width: 300px) 100vw, 300px\" \/>Asimismo, se tomaron durante el encuentro una serie de decisiones importantes, entre ellas establecer una sede permanente de la organizaci\u00f3n en la capital venezolana, Caracas, y atender los asuntos de la comunidad \u00e1rabe en general.<\/p>\n<p style=\"text-align: justify;\">La Organizaci\u00f3n tambi\u00e9n envi\u00f3 dos cartas a los embajadores del Vaticano y de la Uni\u00f3n Europea en Venezuela en nombre de las comunidades \u00e1rabes sirias, libanesas y palestinas, en las que expresaron su rechazo a las sanciones econ\u00f3micas unilaterales, injustas e inhumanas contra el pueblo sirio y pidieron acciones para levantarlas lo antes posible.<\/p>\n<p style=\"text-align: justify;\"><span style=\"color: #0000ff;\"><strong>fm<\/strong><\/span><\/p>\n","protected":false},"excerpt":{"rendered":"<p>Caracas, SANA La Confederaci\u00f3n de Entidades \u00c1rabes en Am\u00e9rica (FEARAB) reiter\u00f3 su apoyo al pueblo, ej\u00e9rcito y liderazgo de Siria, y expres\u00f3 su rechazo a las injustas sanciones econ\u00f3micas occidentales impuestas al pueblo sirio. Esta postura fue anunciada durante su primera reuni\u00f3n celebrada bajo presidencia de Ziad Enrique Al-Hamad, jefe de la organizaci\u00f3n, y en &hellip;<\/p>\n","protected":false},"author":34,"featured_media":184372,"comment_status":"closed","ping_status":"closed","sticky":false,"template":"","format":"standard","meta":{"footnotes":""},"categories":[477,447,597,476,457,467,7541],"tags":[],"class_list":["post-184368","post","type-post","status-publish","format-standard","has-post-thumbnail","","category-noticias-edulcorantes","category-local-politica","category-cinta-de-noticias","category-locales","category-noticias-arabe-internacional-politica","category-siria-y-el-mundo","category-ultimas-noticias"],"_links":{"self":[{"href":"https:\/\/archive.sana.sy\/es\/index.php?rest_route=\/wp\/v2\/posts\/184368"}],"collection":[{"href":"https:\/\/archive.sana.sy\/es\/index.php?rest_route=\/wp\/v2\/posts"}],"about":[{"href":"https:\/\/archive.sana.sy\/es\/index.php?rest_route=\/wp\/v2\/types\/post"}],"author":[{"embeddable":true,"href":"https:\/\/archive.sana.sy\/es\/index.php?rest_route=\/wp\/v2\/users\/34"}],"replies":[{"embeddable":true,"href":"https:\/\/archive.sana.sy\/es\/index.php?rest_route=%2Fwp%2Fv2%2Fcomments&post=184368"}],"version-history":[{"count":0,"href":"https:\/\/archive.sana.sy\/es\/index.php?rest_route=\/wp\/v2\/posts\/184368\/revisions"}],"wp:featuredmedia":[{"embeddable":true,"href":"https:\/\/archive.sana.sy\/es\/index.php?rest_route=\/wp\/v2\/media\/184372"}],"wp:attachment":[{"href":"https:\/\/archive.sana.sy\/es\/index.php?rest_route=%2Fwp%2Fv2%2Fmedia&parent=184368"}],"wp:term":[{"taxonomy":"category","embeddable":true,"href":"https:\/\/archive.sana.sy\/es\/index.php?rest_route=%2Fwp%2Fv2%2Fcategories&post=184368"},{"taxonomy":"post_tag","embeddable":true,"href":"https:\/\/archive.sana.sy\/es\/index.php?rest_route=%2Fwp%2Fv2%2Ftags&post=184368"}],"curies":[{"name":"wp","href":"https:\/\/api.w.org\/{rel}","templated":true}]}}