{"id":184374,"date":"2021-06-10T07:13:56","date_gmt":"2021-06-10T04:13:56","guid":{"rendered":"http:\/\/107.6.182.27\/es\/?p=184374"},"modified":"2023-01-12T14:41:06","modified_gmt":"2023-01-12T12:41:06","slug":"atacan-con-tres-cohetes-a-base-que-alberga-tropas-estadounidenses-en-iraq","status":"publish","type":"post","link":"https:\/\/archive.sana.sy\/es\/?p=184374","title":{"rendered":"Atacan con tres cohetes a base que alberga tropas estadounidenses en Iraq"},"content":{"rendered":"<p style=\"text-align: justify;\"><span style=\"color: #800000;\"><strong>Bagdad, SANA<\/strong><\/span><\/p>\n<p style=\"text-align: justify;\">Una fuente de seguridad iraqu\u00ed anunci\u00f3 hoy que tres misiles impactaron en las cercan\u00edas de la base a\u00e9rea de Balad, que albera tropas de Estados Unidos, en la gobernaci\u00f3n de Salah al-Din, en el centro de Irak.<\/p>\n<p style=\"text-align: justify;\">El portal de noticias Alsumaria News cit\u00f3 a la fuente diciendo en un comunicado que &#8220;el bombardeo no caus\u00f3 bajas humanas ni p\u00e9rdidas materiales.<\/p>\n<p style=\"text-align: justify;\">Por otro lado, una fuente de seguridad en Bagdad inform\u00f3 que una base militar cerca del aeropuerto de Bagdad fue atacada con un misil Katyusha.<\/p>\n<p style=\"text-align: justify;\">&#8220;La base militar Victoria, ubicada cerca del Aeropuerto Internacional de Bagdad, fue atacada con un misil Katyusha y las sirenas se escucharon dentro de la misma, se\u00f1al\u00f3 la fuente.<\/p>\n<p style=\"text-align: justify;\"><span style=\"color: #0000ff;\"><strong>fm<\/strong><\/span><\/p>\n","protected":false},"excerpt":{"rendered":"<p>Bagdad, SANA Una fuente de seguridad iraqu\u00ed anunci\u00f3 hoy que tres misiles impactaron en las cercan\u00edas de la base a\u00e9rea de Balad, que albera tropas de Estados Unidos, en la gobernaci\u00f3n de Salah al-Din, en el centro de Irak. El portal de noticias Alsumaria News cit\u00f3 a la fuente diciendo en un comunicado que &#8220;el &hellip;<\/p>\n","protected":false},"author":34,"featured_media":184375,"comment_status":"closed","ping_status":"closed","sticky":false,"template":"","format":"standard","meta":{"footnotes":""},"categories":[597,456],"tags":[],"class_list":["post-184374","post","type-post","status-publish","format-standard","has-post-thumbnail","","category-cinta-de-noticias","category-arabe-internacional-politica"],"_links":{"self":[{"href":"https:\/\/archive.sana.sy\/es\/index.php?rest_route=\/wp\/v2\/posts\/184374"}],"collection":[{"href":"https:\/\/archive.sana.sy\/es\/index.php?rest_route=\/wp\/v2\/posts"}],"about":[{"href":"https:\/\/archive.sana.sy\/es\/index.php?rest_route=\/wp\/v2\/types\/post"}],"author":[{"embeddable":true,"href":"https:\/\/archive.sana.sy\/es\/index.php?rest_route=\/wp\/v2\/users\/34"}],"replies":[{"embeddable":true,"href":"https:\/\/archive.sana.sy\/es\/index.php?rest_route=%2Fwp%2Fv2%2Fcomments&post=184374"}],"version-history":[{"count":0,"href":"https:\/\/archive.sana.sy\/es\/index.php?rest_route=\/wp\/v2\/posts\/184374\/revisions"}],"wp:featuredmedia":[{"embeddable":true,"href":"https:\/\/archive.sana.sy\/es\/index.php?rest_route=\/wp\/v2\/media\/184375"}],"wp:attachment":[{"href":"https:\/\/archive.sana.sy\/es\/index.php?rest_route=%2Fwp%2Fv2%2Fmedia&parent=184374"}],"wp:term":[{"taxonomy":"category","embeddable":true,"href":"https:\/\/archive.sana.sy\/es\/index.php?rest_route=%2Fwp%2Fv2%2Fcategories&post=184374"},{"taxonomy":"post_tag","embeddable":true,"href":"https:\/\/archive.sana.sy\/es\/index.php?rest_route=%2Fwp%2Fv2%2Ftags&post=184374"}],"curies":[{"name":"wp","href":"https:\/\/api.w.org\/{rel}","templated":true}]}}