{"id":184403,"date":"2021-06-10T14:30:43","date_gmt":"2021-06-10T11:30:43","guid":{"rendered":"http:\/\/107.6.182.27\/es\/?p=184403"},"modified":"2023-01-10T14:28:18","modified_gmt":"2023-01-10T12:28:18","slug":"mekdad-recibe-credenciales-del-jefe-de-la-mision-del-cicr-en-siria","status":"publish","type":"post","link":"https:\/\/archive.sana.sy\/es\/?p=184403","title":{"rendered":"Mekdad recibe credenciales del jefe de la misi\u00f3n del CICR en Siria"},"content":{"rendered":"<p style=\"text-align: justify;\"><strong><span style=\"color: #800000;\">Damasco, SANA<\/span><\/strong><\/p>\n<p style=\"text-align: justify;\">El ministro de Exteriores y Expatriados, Faisal al-Mekdad, recibi\u00f3 hoy copia de las credenciales de Christoph Martin, el nuevo jefe de la Misi\u00f3n del Comit\u00e9 Internacional de la Cruz Roja (CICR) en Siria.<\/p>\n<p style=\"text-align: justify;\"><img loading=\"lazy\" decoding=\"async\" class=\"size-full wp-image-184405 alignleft\" src=\"http:\/\/107.6.182.27\/es\/wp-content\/uploads\/2021\/06\/2-129-300x177-1.jpg\" alt=\"\" width=\"300\" height=\"177\" srcset=\"https:\/\/archive.sana.sy\/es\/wp-content\/uploads\/2021\/06\/2-129-300x177-1.jpg 300w, https:\/\/archive.sana.sy\/es\/wp-content\/uploads\/2021\/06\/2-129-300x177-1-150x89.jpg 150w\" sizes=\"(max-width: 300px) 100vw, 300px\" \/>Las conversaciones se centraron sobre las v\u00edas para fortalecer la colaboraci\u00f3n entre Siria y el Comit\u00e9 Internacional de la Cruz Roja y desarrollar una relaci\u00f3n s\u00f3lida entre las dos partes mediante la adopci\u00f3n de la confianza mutua y la interacci\u00f3n continua en todas las actividades realizadas por el Comit\u00e9 en Siria.<\/p>\n<p style=\"text-align: justify;\">El jefe de la delegaci\u00f3n del Comit\u00e9 Internacional de la Cruz Roja destac\u00f3 que espera trabajar en Siria, sobre todo porque la misi\u00f3n del Comit\u00e9 en Siria es la m\u00e1s grande del mundo.<\/p>\n<p style=\"text-align: justify;\">Consider\u00f3 que es una prueba del inter\u00e9s del CICR en esforzarse por lograr los objetivos humanitarios de la Cruz Roja Internacional.<\/p>\n<p style=\"text-align: justify;\">Por su parte, al-Mekdad elogi\u00f3 la cooperaci\u00f3n con el CICR y dese\u00f3 al nuevo jefe \u00e9xito en sus funciones.<\/p>\n<p style=\"text-align: justify;\">Destac\u00f3 la importancia de la coordinaci\u00f3n y cooperaci\u00f3n continuas con el gobierno sirio para garantizar el logro de los resultados deseados del trabajo del Comit\u00e9 y aumentar la eficacia de su presencia en todas las regiones sirias.<\/p>\n<p style=\"text-align: justify;\"><strong><span style=\"color: #0000ff;\">ed\/fm<\/span><\/strong><\/p>\n","protected":false},"excerpt":{"rendered":"<p>Damasco, SANA El ministro de Exteriores y Expatriados, Faisal al-Mekdad, recibi\u00f3 hoy copia de las credenciales de Christoph Martin, el nuevo jefe de la Misi\u00f3n del Comit\u00e9 Internacional de la Cruz Roja (CICR) en Siria. Las conversaciones se centraron sobre las v\u00edas para fortalecer la colaboraci\u00f3n entre Siria y el Comit\u00e9 Internacional de la Cruz &hellip;<\/p>\n","protected":false},"author":32,"featured_media":184404,"comment_status":"closed","ping_status":"closed","sticky":false,"template":"","format":"standard","meta":{"footnotes":""},"categories":[447,477,597,476,7541],"tags":[],"class_list":["post-184403","post","type-post","status-publish","format-standard","has-post-thumbnail","","category-local-politica","category-noticias-edulcorantes","category-cinta-de-noticias","category-locales","category-ultimas-noticias"],"_links":{"self":[{"href":"https:\/\/archive.sana.sy\/es\/index.php?rest_route=\/wp\/v2\/posts\/184403"}],"collection":[{"href":"https:\/\/archive.sana.sy\/es\/index.php?rest_route=\/wp\/v2\/posts"}],"about":[{"href":"https:\/\/archive.sana.sy\/es\/index.php?rest_route=\/wp\/v2\/types\/post"}],"author":[{"embeddable":true,"href":"https:\/\/archive.sana.sy\/es\/index.php?rest_route=\/wp\/v2\/users\/32"}],"replies":[{"embeddable":true,"href":"https:\/\/archive.sana.sy\/es\/index.php?rest_route=%2Fwp%2Fv2%2Fcomments&post=184403"}],"version-history":[{"count":0,"href":"https:\/\/archive.sana.sy\/es\/index.php?rest_route=\/wp\/v2\/posts\/184403\/revisions"}],"wp:featuredmedia":[{"embeddable":true,"href":"https:\/\/archive.sana.sy\/es\/index.php?rest_route=\/wp\/v2\/media\/184404"}],"wp:attachment":[{"href":"https:\/\/archive.sana.sy\/es\/index.php?rest_route=%2Fwp%2Fv2%2Fmedia&parent=184403"}],"wp:term":[{"taxonomy":"category","embeddable":true,"href":"https:\/\/archive.sana.sy\/es\/index.php?rest_route=%2Fwp%2Fv2%2Fcategories&post=184403"},{"taxonomy":"post_tag","embeddable":true,"href":"https:\/\/archive.sana.sy\/es\/index.php?rest_route=%2Fwp%2Fv2%2Ftags&post=184403"}],"curies":[{"name":"wp","href":"https:\/\/api.w.org\/{rel}","templated":true}]}}