{"id":18455,"date":"2015-02-25T12:59:02","date_gmt":"2015-02-25T10:59:02","guid":{"rendered":"http:\/\/www.sana.sy\/es\/?p=18455"},"modified":"2015-02-25T16:33:20","modified_gmt":"2015-02-25T14:33:20","slug":"soldados-sionistas-vuelven-a-arrestar-al-golanes-sirio-sedqui-al-maket","status":"publish","type":"post","link":"https:\/\/archive.sana.sy\/es\/?p=18455","title":{"rendered":"Soldados sionistas vuelven a arrestar al golan\u00e9s sirio Sedqui al-Maket"},"content":{"rendered":"<div><span style=\"color: #ff0000\">Gol\u00e1n ocupado, SANA<\/span><\/div>\n<div><\/div>\n<div><span lang=\"ES-TRAD\">Persistiendo en sus violaciones y sus pr\u00e1cticas agresivas contra los compatriotas sirios en el Gol\u00e1n sirio ocupado, una fuerza de la ocupaci\u00f3n israel\u00ed ha vuelto a arrestar al compatriota sirio Sedqui al-Maket tras asaltar la casa de su familia, en la madrugada de este mi\u00e9rcoles.<\/span><\/div>\n<div><\/div>\n<div><span lang=\"ES-TRAD\">Los soldados sionistas inspeccionar la casa de al-Meket y le confiscaron su computadora y sus tel\u00e9fonos celulares, sin dar ninguna justificaci\u00f3n para este ataque flagrante.<\/span><\/div>\n<div><\/div>\n<div><span lang=\"ES-TRAD\">Las autoridades de ocupaci\u00f3n hab\u00edan liberado a Sedqui al-Maket, el decano de prisioneros \u00e1rabes y sirios en las c\u00e1rceles sionistas, en agosto del 2012 despu\u00e9s de 27 largos a\u00f1os de c\u00e1rcel.<\/span><\/div>\n<div><\/div>\n<div><span style=\"color: #00ccff\">Fady M., Hala B.<\/span><\/div>\n<div class=\"yj6qo ajU\">\n<div id=\":18g\" class=\"ajR\"><img decoding=\"async\" class=\"ajT\" src=\"https:\/\/ssl.gstatic.com\/ui\/v1\/icons\/mail\/images\/cleardot.gif\" alt=\"\" \/><\/div>\n<\/div>\n","protected":false},"excerpt":{"rendered":"<p>Gol\u00e1n ocupado, SANA Persistiendo en sus violaciones y sus pr\u00e1cticas agresivas contra los compatriotas sirios en el Gol\u00e1n sirio ocupado, una fuerza de la ocupaci\u00f3n israel\u00ed ha vuelto a arrestar al compatriota sirio Sedqui al-Maket tras asaltar la casa de su familia, en la madrugada de este mi\u00e9rcoles. Los soldados sionistas inspeccionar la casa de &hellip;<\/p>\n","protected":false},"author":1,"featured_media":18456,"comment_status":"closed","ping_status":"closed","sticky":false,"template":"","format":"standard","meta":{"footnotes":""},"categories":[597,476,576],"tags":[4196],"class_list":["post-18455","post","type-post","status-publish","format-standard","has-post-thumbnail","","category-cinta-de-noticias","category-locales","category-noticias-politicas","tag-soldados-sionistas-vuelven-a-arrestar-al-golanes-sirio-sedqui-al-maket"],"_links":{"self":[{"href":"https:\/\/archive.sana.sy\/es\/index.php?rest_route=\/wp\/v2\/posts\/18455"}],"collection":[{"href":"https:\/\/archive.sana.sy\/es\/index.php?rest_route=\/wp\/v2\/posts"}],"about":[{"href":"https:\/\/archive.sana.sy\/es\/index.php?rest_route=\/wp\/v2\/types\/post"}],"author":[{"embeddable":true,"href":"https:\/\/archive.sana.sy\/es\/index.php?rest_route=\/wp\/v2\/users\/1"}],"replies":[{"embeddable":true,"href":"https:\/\/archive.sana.sy\/es\/index.php?rest_route=%2Fwp%2Fv2%2Fcomments&post=18455"}],"version-history":[{"count":0,"href":"https:\/\/archive.sana.sy\/es\/index.php?rest_route=\/wp\/v2\/posts\/18455\/revisions"}],"wp:featuredmedia":[{"embeddable":true,"href":"https:\/\/archive.sana.sy\/es\/index.php?rest_route=\/wp\/v2\/media\/18456"}],"wp:attachment":[{"href":"https:\/\/archive.sana.sy\/es\/index.php?rest_route=%2Fwp%2Fv2%2Fmedia&parent=18455"}],"wp:term":[{"taxonomy":"category","embeddable":true,"href":"https:\/\/archive.sana.sy\/es\/index.php?rest_route=%2Fwp%2Fv2%2Fcategories&post=18455"},{"taxonomy":"post_tag","embeddable":true,"href":"https:\/\/archive.sana.sy\/es\/index.php?rest_route=%2Fwp%2Fv2%2Ftags&post=18455"}],"curies":[{"name":"wp","href":"https:\/\/api.w.org\/{rel}","templated":true}]}}