{"id":184692,"date":"2021-06-12T13:08:35","date_gmt":"2021-06-12T10:08:35","guid":{"rendered":"http:\/\/107.6.182.27\/es\/?p=184692"},"modified":"2021-06-12T22:58:12","modified_gmt":"2021-06-12T19:58:12","slug":"una-hombre-asesinado-a-tiros-en-el-campamento-al-hol-controlado-por-la-milicia-fds","status":"publish","type":"post","link":"https:\/\/archive.sana.sy\/es\/?p=184692","title":{"rendered":"Un hombre asesinado a tiros en el campamento al-Hol controlado por la milicia FDS"},"content":{"rendered":"<p style=\"text-align: justify;\"><span style=\"color: #800000;\"><strong>Hasakeh , SANA <\/strong><\/span><br \/>\nUn desplazado muri\u00f3 a tiros este s\u00e1bado en el campamento de refugiados al-Hol en el este de la provincia de Hasakeh, controlado por la milicia proestadounidense \u201cFuerzas Democr\u00e1ticas Sirias\u201d (FDS).<\/p>\n<p style=\"text-align: justify;\">Activistas locales informaron que , un hombre desconocido dispar\u00f3 hacia la v\u00edctima lo que provoc\u00f3 su muerte de inmediato .<\/p>\n<p style=\"text-align: justify;\">Las fuerzas de ocupaci\u00f3n estadounidenses y su milicia (FDS) retienen en este campamento a miles de familias en condiciones tr\u00e1gicas y falta de servicios, escasez de alimentos, agua potable y atenci\u00f3n m\u00e9dica.<\/p>\n<p style=\"text-align: justify;\"><span style=\"color: #0000ff;\"><strong>ws\/fm<\/strong><\/span><\/p>\n","protected":false},"excerpt":{"rendered":"<p>Hasakeh , SANA Un desplazado muri\u00f3 a tiros este s\u00e1bado en el campamento de refugiados al-Hol en el este de la provincia de Hasakeh, controlado por la milicia proestadounidense \u201cFuerzas Democr\u00e1ticas Sirias\u201d (FDS). Activistas locales informaron que , un hombre desconocido dispar\u00f3 hacia la v\u00edctima lo que provoc\u00f3 su muerte de inmediato . Las fuerzas &hellip;<\/p>\n","protected":false},"author":35,"featured_media":184693,"comment_status":"closed","ping_status":"closed","sticky":false,"template":"","format":"standard","meta":{"footnotes":""},"categories":[477,447,597,573,476],"tags":[],"class_list":["post-184692","post","type-post","status-publish","format-standard","has-post-thumbnail","","category-noticias-edulcorantes","category-local-politica","category-cinta-de-noticias","category-la-realidad-de-los-acontecimientos-en-siria","category-locales"],"_links":{"self":[{"href":"https:\/\/archive.sana.sy\/es\/index.php?rest_route=\/wp\/v2\/posts\/184692"}],"collection":[{"href":"https:\/\/archive.sana.sy\/es\/index.php?rest_route=\/wp\/v2\/posts"}],"about":[{"href":"https:\/\/archive.sana.sy\/es\/index.php?rest_route=\/wp\/v2\/types\/post"}],"author":[{"embeddable":true,"href":"https:\/\/archive.sana.sy\/es\/index.php?rest_route=\/wp\/v2\/users\/35"}],"replies":[{"embeddable":true,"href":"https:\/\/archive.sana.sy\/es\/index.php?rest_route=%2Fwp%2Fv2%2Fcomments&post=184692"}],"version-history":[{"count":0,"href":"https:\/\/archive.sana.sy\/es\/index.php?rest_route=\/wp\/v2\/posts\/184692\/revisions"}],"wp:featuredmedia":[{"embeddable":true,"href":"https:\/\/archive.sana.sy\/es\/index.php?rest_route=\/wp\/v2\/media\/184693"}],"wp:attachment":[{"href":"https:\/\/archive.sana.sy\/es\/index.php?rest_route=%2Fwp%2Fv2%2Fmedia&parent=184692"}],"wp:term":[{"taxonomy":"category","embeddable":true,"href":"https:\/\/archive.sana.sy\/es\/index.php?rest_route=%2Fwp%2Fv2%2Fcategories&post=184692"},{"taxonomy":"post_tag","embeddable":true,"href":"https:\/\/archive.sana.sy\/es\/index.php?rest_route=%2Fwp%2Fv2%2Ftags&post=184692"}],"curies":[{"name":"wp","href":"https:\/\/api.w.org\/{rel}","templated":true}]}}