{"id":184699,"date":"2021-06-12T14:48:23","date_gmt":"2021-06-12T11:48:23","guid":{"rendered":"http:\/\/107.6.182.27\/es\/?p=184699"},"modified":"2021-06-12T14:48:23","modified_gmt":"2021-06-12T11:48:23","slug":"defensa-ruso-terroristas-de-al-nusra-perpetraron-38-ataques-en-zona-de-distension-en-idleb","status":"publish","type":"post","link":"https:\/\/archive.sana.sy\/es\/?p=184699","title":{"rendered":"Defensa ruso: Terroristas de al-Nusra perpetraron 38 ataques en zona de distensi\u00f3n en Idleb"},"content":{"rendered":"<p style=\"text-align: justify;\"><span style=\"color: #800000;\"><strong>Mosc\u00fa, SANA<\/strong><\/span><\/p>\n<p style=\"text-align: justify;\">El Ministerio de Defensa ruso inform\u00f3 que los armados del Frente al-Nusra, desplegados en la zona de distensi\u00f3n en Idleb, llevaron a cabo 38 ataques durante las \u00faltimas 24 horas.<\/p>\n<p style=\"text-align: justify;\">Seg\u00fan el subdirector del Centro de Coordinaci\u00f3n Ruso en Hemeimem, el contralmirante Vadim Kulit, se registraron durante las \u00faltimas 24 horas 38 ataques perpetrados por los milicianos del Frente al-Nusra en la zona de desescalada en Idleb.<\/p>\n<p style=\"text-align: justify;\">\u201cEn la provincia de Idleb se registraron 17 ataques, mientras en Latakia 8, en Alepo 4 y 9 en la provincia central de Hama\u201d, detall\u00f3 el oficial ruso.<\/p>\n<p style=\"text-align: justify;\">Se\u00f1al\u00f3 que los medios de vigilancia del centro indicaron que las organizaciones hostiles desplegadas en la zona de desescalada transportan a escuadras y veh\u00edculos blindados a las aldeas de Majdalia y San en el sur de Idleb, para perpetrar ataques contra puntos del ej\u00e9rcito \u00e1rabe sirio y las zonas seguras.<\/p>\n<p style=\"text-align: justify;\">En un contexto relacionado, el reportero de SANA en Hama inform\u00f3 que las organizaciones terroristas, desplegadas en la zona de distensi\u00f3n en Idleb, agredieron por la ma\u00f1ana de hoy la aldea de Naour Jurin en la valle de al-Ghab causando da\u00f1os materiales en las tierras agr\u00edcolas.<\/p>\n<p style=\"text-align: justify;\"><span style=\"color: #0000ff;\"><strong>ah\/rsh<\/strong><\/span><\/p>\n","protected":false},"excerpt":{"rendered":"<p>Mosc\u00fa, SANA El Ministerio de Defensa ruso inform\u00f3 que los armados del Frente al-Nusra, desplegados en la zona de distensi\u00f3n en Idleb, llevaron a cabo 38 ataques durante las \u00faltimas 24 horas. Seg\u00fan el subdirector del Centro de Coordinaci\u00f3n Ruso en Hemeimem, el contralmirante Vadim Kulit, se registraron durante las \u00faltimas 24 horas 38 ataques &hellip;<\/p>\n","protected":false},"author":30,"featured_media":184700,"comment_status":"closed","ping_status":"closed","sticky":false,"template":"","format":"standard","meta":{"footnotes":""},"categories":[597,573,7541],"tags":[19186],"class_list":["post-184699","post","type-post","status-publish","format-standard","has-post-thumbnail","","category-cinta-de-noticias","category-la-realidad-de-los-acontecimientos-en-siria","category-ultimas-noticias","tag-defensa-ruso-terroristas-de-al-nusra-perpetraron-38-ataques-en-zona-de-distension-en-idleb"],"_links":{"self":[{"href":"https:\/\/archive.sana.sy\/es\/index.php?rest_route=\/wp\/v2\/posts\/184699"}],"collection":[{"href":"https:\/\/archive.sana.sy\/es\/index.php?rest_route=\/wp\/v2\/posts"}],"about":[{"href":"https:\/\/archive.sana.sy\/es\/index.php?rest_route=\/wp\/v2\/types\/post"}],"author":[{"embeddable":true,"href":"https:\/\/archive.sana.sy\/es\/index.php?rest_route=\/wp\/v2\/users\/30"}],"replies":[{"embeddable":true,"href":"https:\/\/archive.sana.sy\/es\/index.php?rest_route=%2Fwp%2Fv2%2Fcomments&post=184699"}],"version-history":[{"count":0,"href":"https:\/\/archive.sana.sy\/es\/index.php?rest_route=\/wp\/v2\/posts\/184699\/revisions"}],"wp:featuredmedia":[{"embeddable":true,"href":"https:\/\/archive.sana.sy\/es\/index.php?rest_route=\/wp\/v2\/media\/184700"}],"wp:attachment":[{"href":"https:\/\/archive.sana.sy\/es\/index.php?rest_route=%2Fwp%2Fv2%2Fmedia&parent=184699"}],"wp:term":[{"taxonomy":"category","embeddable":true,"href":"https:\/\/archive.sana.sy\/es\/index.php?rest_route=%2Fwp%2Fv2%2Fcategories&post=184699"},{"taxonomy":"post_tag","embeddable":true,"href":"https:\/\/archive.sana.sy\/es\/index.php?rest_route=%2Fwp%2Fv2%2Ftags&post=184699"}],"curies":[{"name":"wp","href":"https:\/\/api.w.org\/{rel}","templated":true}]}}