{"id":184715,"date":"2021-06-12T17:35:18","date_gmt":"2021-06-12T14:35:18","guid":{"rendered":"http:\/\/107.6.182.27\/es\/?p=184715"},"modified":"2023-01-10T14:28:15","modified_gmt":"2023-01-10T12:28:15","slug":"diplomaticos-las-elecciones-presidenciales-sirias-son-un-triunfo","status":"publish","type":"post","link":"https:\/\/archive.sana.sy\/es\/?p=184715","title":{"rendered":"Destacan desde La Habana consenso popular que gan\u00f3 el presidente al-Assad en recientes comicios"},"content":{"rendered":"<p style=\"text-align: justify;\"><span style=\"color: #800000;\"><strong>La Habana, SANA<\/strong><\/span><\/p>\n<p style=\"text-align: justify;\">El embajador iran\u00ed en Cuba, Sayed Muhammad Hadi Sobhani, felicit\u00f3 al pueblo sirio por culminar exitosamente las elecciones presidenciales, y destac\u00f3 el gran consenso popular que gan\u00f3 el presidente Bashar al-Assad en las mismas.<\/p>\n<p style=\"text-align: justify;\">Durante su encuentro con el embajador de Siria en Cuba, Idris Mayya, en la sede de la embajada en La Habana, el diplom\u00e1tico iran\u00ed reiter\u00f3 las posturas de apoyo de su pa\u00eds a Siria en todos los campos, y destac\u00f3 las profundas relaciones entre ambos pa\u00edses amigos.<\/p>\n<p style=\"text-align: justify;\">Por su parte, el embajador Mayya enfatiz\u00f3 las hondas relaciones sirio-iran\u00edes, y se\u00f1al\u00f3 que las elecciones presidenciales y la masiva participaci\u00f3n en las mismas dentro y fuera de Siria asestaron una dura bofetada a los pa\u00edses que trabajaban para frustrarlas.<\/p>\n<p style=\"text-align: justify;\">La periodista cubana, Mar\u00eda Victoria Vald\u00e9s, afirm\u00f3 en un art\u00edculo publicado en la revista \u201cBohemia\u201d que las elecciones presidenciales en Siria y la amplia participaci\u00f3n popular demostraron que este pa\u00eds es capaz de enfrentar las dificultades y salir de ellas m\u00e1s fuerte, y explic\u00f3 que la victoria del presidente Al-Assad envi\u00f3 un mensaje al mundo que refleja la confianza del pueblo sirio en su l\u00edder.<\/p>\n<p style=\"text-align: justify;\"><span style=\"color: #0000ff;\"><strong>sm\/rsh\/fm<\/strong><\/span><\/p>\n","protected":false},"excerpt":{"rendered":"<p>La Habana, SANA El embajador iran\u00ed en Cuba, Sayed Muhammad Hadi Sobhani, felicit\u00f3 al pueblo sirio por culminar exitosamente las elecciones presidenciales, y destac\u00f3 el gran consenso popular que gan\u00f3 el presidente Bashar al-Assad en las mismas. Durante su encuentro con el embajador de Siria en Cuba, Idris Mayya, en la sede de la embajada &hellip;<\/p>\n","protected":false},"author":39,"featured_media":184716,"comment_status":"closed","ping_status":"closed","sticky":false,"template":"","format":"standard","meta":{"footnotes":""},"categories":[447,597,467,7541],"tags":[],"class_list":["post-184715","post","type-post","status-publish","format-standard","has-post-thumbnail","","category-local-politica","category-cinta-de-noticias","category-siria-y-el-mundo","category-ultimas-noticias"],"_links":{"self":[{"href":"https:\/\/archive.sana.sy\/es\/index.php?rest_route=\/wp\/v2\/posts\/184715"}],"collection":[{"href":"https:\/\/archive.sana.sy\/es\/index.php?rest_route=\/wp\/v2\/posts"}],"about":[{"href":"https:\/\/archive.sana.sy\/es\/index.php?rest_route=\/wp\/v2\/types\/post"}],"author":[{"embeddable":true,"href":"https:\/\/archive.sana.sy\/es\/index.php?rest_route=\/wp\/v2\/users\/39"}],"replies":[{"embeddable":true,"href":"https:\/\/archive.sana.sy\/es\/index.php?rest_route=%2Fwp%2Fv2%2Fcomments&post=184715"}],"version-history":[{"count":0,"href":"https:\/\/archive.sana.sy\/es\/index.php?rest_route=\/wp\/v2\/posts\/184715\/revisions"}],"wp:featuredmedia":[{"embeddable":true,"href":"https:\/\/archive.sana.sy\/es\/index.php?rest_route=\/wp\/v2\/media\/184716"}],"wp:attachment":[{"href":"https:\/\/archive.sana.sy\/es\/index.php?rest_route=%2Fwp%2Fv2%2Fmedia&parent=184715"}],"wp:term":[{"taxonomy":"category","embeddable":true,"href":"https:\/\/archive.sana.sy\/es\/index.php?rest_route=%2Fwp%2Fv2%2Fcategories&post=184715"},{"taxonomy":"post_tag","embeddable":true,"href":"https:\/\/archive.sana.sy\/es\/index.php?rest_route=%2Fwp%2Fv2%2Ftags&post=184715"}],"curies":[{"name":"wp","href":"https:\/\/api.w.org\/{rel}","templated":true}]}}