{"id":184720,"date":"2021-06-12T19:12:35","date_gmt":"2021-06-12T16:12:35","guid":{"rendered":"http:\/\/107.6.182.27\/es\/?p=184720"},"modified":"2023-01-10T14:28:15","modified_gmt":"2023-01-10T12:28:15","slug":"militar-sirio-mutilado-da-ejemplos-de-voluntad-desafio-y-esperanza-fotos","status":"publish","type":"post","link":"https:\/\/archive.sana.sy\/es\/?p=184720","title":{"rendered":"Militar sirio mutilado da ejemplos de voluntad, desaf\u00edo y esperanza. (+ fotos)"},"content":{"rendered":"<p style=\"text-align: justify;\"><span style=\"color: #800000;\"><strong>Hama, SANA<\/strong><\/span><\/p>\n<p style=\"text-align: justify;\">El capit\u00e1n herido Ali Mohsen, perdi\u00f3 su pierna mientras cumpl\u00eda su deber nacional de enfrentar a las organizaciones terroristas, sin embargo, hoy sigue trabajando con una sola pierna dando un ejemplo de voluntad y amor por la patria.<\/p>\n<p style=\"text-align: justify;\">\u201cDe mis heridas causadas por la detonaci\u00f3n de un veh\u00edculo bomba terrorista, salieron enormes energ\u00edas y fuerzas, y en lugar de mi pierna mutilada ya tengo cien, y brotaron espigas de trigo de los impactos de balas en mi cuerpo\u201d, dice Ali en una entrevista con SANA.<\/p>\n<p style=\"text-align: justify;\">El h\u00e9roe, quien se encuentra actualmente trabajando en la cosecha de trigo, protagoniz\u00f3 numerosas obras y actividades agr\u00edcolas y productivas, adem\u00e1s de ser due\u00f1o de varias iniciativas ben\u00e9ficas en servicio de su pueblo, y asegura que hoy en d\u00eda, est\u00e1 100 veces m\u00e1s fuerte, en un claro mensaje a los extremistas que causaron su lesi\u00f3n.<\/p>\n<p style=\"text-align: justify;\">\u201cMi herida cumple cinco a\u00f1os este ocho de junio (..) y esta fecha marc\u00f3 mi vida para siempre y me dio m\u00e1s \u00e1nimo y determinaci\u00f3n, y hoy trabajo con gran esperanza en el futuro\u201d, manifest\u00f3.<\/p>\n<p style=\"text-align: justify;\">El capit\u00e1n Ali era combatiente y piloto en el Ej\u00e9rcito \u00c1rabe Sirio y result\u00f3 herido en varias ocasiones, y pretende con sus iniciativas transmitir un mensaje al mundo entero que su lesi\u00f3n no socav\u00f3 su voluntad sino le dio m\u00e1s vida y determinaci\u00f3n a seguir hacia adelante como todos los sirios.<\/p>\n<div id='gallery-1' class='gallery galleryid-184720 gallery-columns-1 gallery-size-full'><figure class='gallery-item'>\n\t\t\t<div class='gallery-icon landscape'>\n\t\t\t\t<a href='https:\/\/archive.sana.sy\/es\/?attachment_id=184724'><img loading=\"lazy\" decoding=\"async\" width=\"2481\" height=\"1793\" src=\"https:\/\/archive.sana.sy\/es\/wp-content\/uploads\/2021\/06\/1-5-1.jpg\" class=\"attachment-full size-full\" alt=\"\" srcset=\"https:\/\/archive.sana.sy\/es\/wp-content\/uploads\/2021\/06\/1-5-1.jpg 2481w, https:\/\/archive.sana.sy\/es\/wp-content\/uploads\/2021\/06\/1-5-1-300x217.jpg 300w, https:\/\/archive.sana.sy\/es\/wp-content\/uploads\/2021\/06\/1-5-1-1024x740.jpg 1024w, https:\/\/archive.sana.sy\/es\/wp-content\/uploads\/2021\/06\/1-5-1-150x108.jpg 150w, https:\/\/archive.sana.sy\/es\/wp-content\/uploads\/2021\/06\/1-5-1-768x555.jpg 768w, https:\/\/archive.sana.sy\/es\/wp-content\/uploads\/2021\/06\/1-5-1-1536x1110.jpg 1536w, https:\/\/archive.sana.sy\/es\/wp-content\/uploads\/2021\/06\/1-5-1-2048x1480.jpg 2048w\" sizes=\"(max-width: 2481px) 100vw, 2481px\" \/><\/a>\n\t\t\t<\/div><\/figure><figure class='gallery-item'>\n\t\t\t<div class='gallery-icon landscape'>\n\t\t\t\t<a href='https:\/\/archive.sana.sy\/es\/?attachment_id=184723'><img loading=\"lazy\" decoding=\"async\" width=\"2481\" height=\"1400\" src=\"https:\/\/archive.sana.sy\/es\/wp-content\/uploads\/2021\/06\/1-4-1.jpg\" class=\"attachment-full size-full\" alt=\"\" srcset=\"https:\/\/archive.sana.sy\/es\/wp-content\/uploads\/2021\/06\/1-4-1.jpg 2481w, https:\/\/archive.sana.sy\/es\/wp-content\/uploads\/2021\/06\/1-4-1-300x169.jpg 300w, https:\/\/archive.sana.sy\/es\/wp-content\/uploads\/2021\/06\/1-4-1-1024x578.jpg 1024w, https:\/\/archive.sana.sy\/es\/wp-content\/uploads\/2021\/06\/1-4-1-150x85.jpg 150w, https:\/\/archive.sana.sy\/es\/wp-content\/uploads\/2021\/06\/1-4-1-768x433.jpg 768w, https:\/\/archive.sana.sy\/es\/wp-content\/uploads\/2021\/06\/1-4-1-1536x867.jpg 1536w, https:\/\/archive.sana.sy\/es\/wp-content\/uploads\/2021\/06\/1-4-1-2048x1156.jpg 2048w\" sizes=\"(max-width: 2481px) 100vw, 2481px\" \/><\/a>\n\t\t\t<\/div><\/figure><figure class='gallery-item'>\n\t\t\t<div class='gallery-icon landscape'>\n\t\t\t\t<a href='https:\/\/archive.sana.sy\/es\/?attachment_id=184722'><img loading=\"lazy\" decoding=\"async\" width=\"2481\" height=\"1398\" src=\"https:\/\/archive.sana.sy\/es\/wp-content\/uploads\/2021\/06\/1-1-1.jpg\" class=\"attachment-full size-full\" alt=\"\" srcset=\"https:\/\/archive.sana.sy\/es\/wp-content\/uploads\/2021\/06\/1-1-1.jpg 2481w, https:\/\/archive.sana.sy\/es\/wp-content\/uploads\/2021\/06\/1-1-1-300x169.jpg 300w, https:\/\/archive.sana.sy\/es\/wp-content\/uploads\/2021\/06\/1-1-1-1024x577.jpg 1024w, https:\/\/archive.sana.sy\/es\/wp-content\/uploads\/2021\/06\/1-1-1-150x85.jpg 150w, https:\/\/archive.sana.sy\/es\/wp-content\/uploads\/2021\/06\/1-1-1-768x433.jpg 768w, https:\/\/archive.sana.sy\/es\/wp-content\/uploads\/2021\/06\/1-1-1-1536x866.jpg 1536w, https:\/\/archive.sana.sy\/es\/wp-content\/uploads\/2021\/06\/1-1-1-2048x1154.jpg 2048w\" sizes=\"(max-width: 2481px) 100vw, 2481px\" \/><\/a>\n\t\t\t<\/div><\/figure><figure class='gallery-item'>\n\t\t\t<div class='gallery-icon landscape'>\n\t\t\t\t<a href='https:\/\/archive.sana.sy\/es\/?attachment_id=184725'><img loading=\"lazy\" decoding=\"async\" width=\"2481\" height=\"1799\" src=\"https:\/\/archive.sana.sy\/es\/wp-content\/uploads\/2021\/06\/1-8.jpg\" class=\"attachment-full size-full\" alt=\"\" srcset=\"https:\/\/archive.sana.sy\/es\/wp-content\/uploads\/2021\/06\/1-8.jpg 2481w, https:\/\/archive.sana.sy\/es\/wp-content\/uploads\/2021\/06\/1-8-300x218.jpg 300w, https:\/\/archive.sana.sy\/es\/wp-content\/uploads\/2021\/06\/1-8-1024x743.jpg 1024w, https:\/\/archive.sana.sy\/es\/wp-content\/uploads\/2021\/06\/1-8-150x109.jpg 150w, https:\/\/archive.sana.sy\/es\/wp-content\/uploads\/2021\/06\/1-8-768x557.jpg 768w, https:\/\/archive.sana.sy\/es\/wp-content\/uploads\/2021\/06\/1-8-1536x1114.jpg 1536w, https:\/\/archive.sana.sy\/es\/wp-content\/uploads\/2021\/06\/1-8-2048x1485.jpg 2048w\" sizes=\"(max-width: 2481px) 100vw, 2481px\" \/><\/a>\n\t\t\t<\/div><\/figure>\n\t\t<\/div>\n\n<p style=\"text-align: justify;\">\n<p style=\"text-align: justify;\"><span style=\"color: #0000ff;\"><strong>sm\/fm<\/strong><\/span><\/p>\n","protected":false},"excerpt":{"rendered":"<p>Hama, SANA El capit\u00e1n herido Ali Mohsen, perdi\u00f3 su pierna mientras cumpl\u00eda su deber nacional de enfrentar a las organizaciones terroristas, sin embargo, hoy sigue trabajando con una sola pierna dando un ejemplo de voluntad y amor por la patria. \u201cDe mis heridas causadas por la detonaci\u00f3n de un veh\u00edculo bomba terrorista, salieron enormes energ\u00edas &hellip;<\/p>\n","protected":false},"author":39,"featured_media":184721,"comment_status":"closed","ping_status":"closed","sticky":false,"template":"","format":"standard","meta":{"footnotes":""},"categories":[477,447,597,476,7541],"tags":[],"class_list":["post-184720","post","type-post","status-publish","format-standard","has-post-thumbnail","","category-noticias-edulcorantes","category-local-politica","category-cinta-de-noticias","category-locales","category-ultimas-noticias"],"_links":{"self":[{"href":"https:\/\/archive.sana.sy\/es\/index.php?rest_route=\/wp\/v2\/posts\/184720"}],"collection":[{"href":"https:\/\/archive.sana.sy\/es\/index.php?rest_route=\/wp\/v2\/posts"}],"about":[{"href":"https:\/\/archive.sana.sy\/es\/index.php?rest_route=\/wp\/v2\/types\/post"}],"author":[{"embeddable":true,"href":"https:\/\/archive.sana.sy\/es\/index.php?rest_route=\/wp\/v2\/users\/39"}],"replies":[{"embeddable":true,"href":"https:\/\/archive.sana.sy\/es\/index.php?rest_route=%2Fwp%2Fv2%2Fcomments&post=184720"}],"version-history":[{"count":0,"href":"https:\/\/archive.sana.sy\/es\/index.php?rest_route=\/wp\/v2\/posts\/184720\/revisions"}],"wp:featuredmedia":[{"embeddable":true,"href":"https:\/\/archive.sana.sy\/es\/index.php?rest_route=\/wp\/v2\/media\/184721"}],"wp:attachment":[{"href":"https:\/\/archive.sana.sy\/es\/index.php?rest_route=%2Fwp%2Fv2%2Fmedia&parent=184720"}],"wp:term":[{"taxonomy":"category","embeddable":true,"href":"https:\/\/archive.sana.sy\/es\/index.php?rest_route=%2Fwp%2Fv2%2Fcategories&post=184720"},{"taxonomy":"post_tag","embeddable":true,"href":"https:\/\/archive.sana.sy\/es\/index.php?rest_route=%2Fwp%2Fv2%2Ftags&post=184720"}],"curies":[{"name":"wp","href":"https:\/\/api.w.org\/{rel}","templated":true}]}}