{"id":184727,"date":"2021-06-12T20:31:33","date_gmt":"2021-06-12T17:31:33","guid":{"rendered":"http:\/\/107.6.182.27\/es\/?p=184727"},"modified":"2021-06-12T20:31:33","modified_gmt":"2021-06-12T17:31:33","slug":"mueren-dos-civiles-por-mina-terrorista-remanente-del-daesh-en-palmira","status":"publish","type":"post","link":"https:\/\/archive.sana.sy\/es\/?p=184727","title":{"rendered":"Mueren dos civiles por mina terrorista remanente del Daesh en Palmira"},"content":{"rendered":"<p style=\"text-align: justify;\"><span style=\"color: #800000;\">Palmira, SANA<\/span><\/p>\n<p style=\"text-align: justify;\">Dos civiles perdieron la vida y otro result\u00f3 herido este s\u00e1bado por el estallido de una mina remanente de la organizaci\u00f3n terrorista de Daesh, en la zona de Abu Rajmin, a 50 kil\u00f3metros al norte de la ciudad de Palmira.<\/p>\n<p style=\"text-align: justify;\">El director del Hospital de Palmira, Walid Oudeh, comunic\u00f3 a SANA que la carga explosiva caus\u00f3 graves lesiones a la v\u00edctima en el pecho, adem\u00e1s de fracturas.<\/p>\n<p style=\"text-align: justify;\">\u201cEl personal m\u00e9dico ofreci\u00f3 los tratamientos necesarios al herido antes de ser trasladado a otro hospital en la provincia de Homs\u201d, indic\u00f3.<\/p>\n<p style=\"text-align: justify;\"><span style=\"color: #0000ff;\">rr\/fm<\/span><\/p>\n","protected":false},"excerpt":{"rendered":"<p>Palmira, SANA Dos civiles perdieron la vida y otro result\u00f3 herido este s\u00e1bado por el estallido de una mina remanente de la organizaci\u00f3n terrorista de Daesh, en la zona de Abu Rajmin, a 50 kil\u00f3metros al norte de la ciudad de Palmira. El director del Hospital de Palmira, Walid Oudeh, comunic\u00f3 a SANA que la &hellip;<\/p>\n","protected":false},"author":31,"featured_media":105577,"comment_status":"closed","ping_status":"closed","sticky":false,"template":"","format":"standard","meta":{"footnotes":""},"categories":[597,573],"tags":[],"class_list":["post-184727","post","type-post","status-publish","format-standard","has-post-thumbnail","","category-cinta-de-noticias","category-la-realidad-de-los-acontecimientos-en-siria"],"_links":{"self":[{"href":"https:\/\/archive.sana.sy\/es\/index.php?rest_route=\/wp\/v2\/posts\/184727"}],"collection":[{"href":"https:\/\/archive.sana.sy\/es\/index.php?rest_route=\/wp\/v2\/posts"}],"about":[{"href":"https:\/\/archive.sana.sy\/es\/index.php?rest_route=\/wp\/v2\/types\/post"}],"author":[{"embeddable":true,"href":"https:\/\/archive.sana.sy\/es\/index.php?rest_route=\/wp\/v2\/users\/31"}],"replies":[{"embeddable":true,"href":"https:\/\/archive.sana.sy\/es\/index.php?rest_route=%2Fwp%2Fv2%2Fcomments&post=184727"}],"version-history":[{"count":0,"href":"https:\/\/archive.sana.sy\/es\/index.php?rest_route=\/wp\/v2\/posts\/184727\/revisions"}],"wp:featuredmedia":[{"embeddable":true,"href":"https:\/\/archive.sana.sy\/es\/index.php?rest_route=\/wp\/v2\/media\/105577"}],"wp:attachment":[{"href":"https:\/\/archive.sana.sy\/es\/index.php?rest_route=%2Fwp%2Fv2%2Fmedia&parent=184727"}],"wp:term":[{"taxonomy":"category","embeddable":true,"href":"https:\/\/archive.sana.sy\/es\/index.php?rest_route=%2Fwp%2Fv2%2Fcategories&post=184727"},{"taxonomy":"post_tag","embeddable":true,"href":"https:\/\/archive.sana.sy\/es\/index.php?rest_route=%2Fwp%2Fv2%2Ftags&post=184727"}],"curies":[{"name":"wp","href":"https:\/\/api.w.org\/{rel}","templated":true}]}}