{"id":184809,"date":"2021-06-13T17:11:49","date_gmt":"2021-06-13T14:11:49","guid":{"rendered":"http:\/\/107.6.182.27\/es\/?p=184809"},"modified":"2023-01-10T14:28:14","modified_gmt":"2023-01-10T12:28:14","slug":"milicianos-de-fds-resultan-heridos-por-ataque-contra-su-vehiculo-en-markada-hasakeh","status":"publish","type":"post","link":"https:\/\/archive.sana.sy\/es\/?p=184809","title":{"rendered":"Milicianos de FDS resultan heridos por ataque contra su veh\u00edculo en Markada, Hasakeh"},"content":{"rendered":"<p style=\"text-align: justify;\"><span style=\"color: #800000;\"><strong>Hasakeh, SANA<\/strong><\/span><\/p>\n<p style=\"text-align: justify;\">Los ataques contra puestos y veh\u00edculos de la milicia proestadounidense FDS en la regi\u00f3n siria de Al-Yazira contin\u00faan en respuesta a sus pr\u00e1cticas que, junto al ocupante estadunidense, sigue robando los recursos nacionales.<\/p>\n<p style=\"text-align: justify;\">Activistas locales informaron a SANA que varios integrantes de FDS resultaron heridos y hubo enormes da\u00f1os materiales en el autom\u00f3vil que los transportaba por un ataque con artefacto explosivo perpetrado por facciones populares en el municipio de Markada en el campo norte de la provincia de Hasakeh.<\/p>\n<p style=\"text-align: justify;\">En la v\u00edspera, un miliciano de FDS perdi\u00f3 la vida y otro result\u00f3 herido por ataque cerca de una aldea en el campo oriental de Hasakeh.<\/p>\n<p style=\"text-align: justify;\"><span style=\"color: #0000ff;\"><strong>sm\/fm<\/strong><\/span><\/p>\n","protected":false},"excerpt":{"rendered":"<p>Hasakeh, SANA Los ataques contra puestos y veh\u00edculos de la milicia proestadounidense FDS en la regi\u00f3n siria de Al-Yazira contin\u00faan en respuesta a sus pr\u00e1cticas que, junto al ocupante estadunidense, sigue robando los recursos nacionales. Activistas locales informaron a SANA que varios integrantes de FDS resultaron heridos y hubo enormes da\u00f1os materiales en el autom\u00f3vil &hellip;<\/p>\n","protected":false},"author":39,"featured_media":184810,"comment_status":"closed","ping_status":"closed","sticky":false,"template":"","format":"standard","meta":{"footnotes":""},"categories":[477,447,597,573,7541],"tags":[],"class_list":["post-184809","post","type-post","status-publish","format-standard","has-post-thumbnail","","category-noticias-edulcorantes","category-local-politica","category-cinta-de-noticias","category-la-realidad-de-los-acontecimientos-en-siria","category-ultimas-noticias"],"_links":{"self":[{"href":"https:\/\/archive.sana.sy\/es\/index.php?rest_route=\/wp\/v2\/posts\/184809"}],"collection":[{"href":"https:\/\/archive.sana.sy\/es\/index.php?rest_route=\/wp\/v2\/posts"}],"about":[{"href":"https:\/\/archive.sana.sy\/es\/index.php?rest_route=\/wp\/v2\/types\/post"}],"author":[{"embeddable":true,"href":"https:\/\/archive.sana.sy\/es\/index.php?rest_route=\/wp\/v2\/users\/39"}],"replies":[{"embeddable":true,"href":"https:\/\/archive.sana.sy\/es\/index.php?rest_route=%2Fwp%2Fv2%2Fcomments&post=184809"}],"version-history":[{"count":0,"href":"https:\/\/archive.sana.sy\/es\/index.php?rest_route=\/wp\/v2\/posts\/184809\/revisions"}],"wp:featuredmedia":[{"embeddable":true,"href":"https:\/\/archive.sana.sy\/es\/index.php?rest_route=\/wp\/v2\/media\/184810"}],"wp:attachment":[{"href":"https:\/\/archive.sana.sy\/es\/index.php?rest_route=%2Fwp%2Fv2%2Fmedia&parent=184809"}],"wp:term":[{"taxonomy":"category","embeddable":true,"href":"https:\/\/archive.sana.sy\/es\/index.php?rest_route=%2Fwp%2Fv2%2Fcategories&post=184809"},{"taxonomy":"post_tag","embeddable":true,"href":"https:\/\/archive.sana.sy\/es\/index.php?rest_route=%2Fwp%2Fv2%2Ftags&post=184809"}],"curies":[{"name":"wp","href":"https:\/\/api.w.org\/{rel}","templated":true}]}}