{"id":184835,"date":"2021-06-13T15:32:42","date_gmt":"2021-06-13T12:32:42","guid":{"rendered":"http:\/\/107.6.182.27\/es\/?p=184835"},"modified":"2023-01-10T14:28:14","modified_gmt":"2023-01-10T12:28:14","slug":"ocupacion-israeli-arrasa-tierras-palestinas-en-jerusalen-ocupada","status":"publish","type":"post","link":"https:\/\/archive.sana.sy\/es\/?p=184835","title":{"rendered":"Ocupaci\u00f3n israel\u00ed arrasa tierras palestinas en Jerusal\u00e9n Ocupada"},"content":{"rendered":"<p style=\"text-align: justify;\"><span style=\"color: #800000;\"><strong>Jerusal\u00e9n ocupada, SANA<\/strong><\/span><\/p>\n<p style=\"text-align: justify;\">Las fuerzas de ocupaci\u00f3n israel\u00edes arrasaron extensiones de tierras palestinas al noreste de la ciudad ocupada de Jerusal\u00e9n.<\/p>\n<p style=\"text-align: justify;\">La agencia palestina de noticias Wafa inform\u00f3 que las fuerzas del ocupante sionista irrumpieron con varias excavadoras en la ciudad de Hizma y barrieron grandes extensiones de sus tierras con el objetivo de construir una carretera para los colonos.<\/p>\n<p style=\"text-align: justify;\">En el marco de su judaizaci\u00f3n y planes agresivos para desplazar a los palestinos, la ocupaci\u00f3n intensifica las operaciones de colonizaci\u00f3n en Cisjordania, especialmente en la Jerusal\u00e9n ocupada, pisoteando las resoluciones internacionales que afirman la ilegalidad del asentamiento en los territorios palestinos ocupados.<\/p>\n<p style=\"text-align: justify;\"><span style=\"color: #0000ff;\"><strong>sm\/rsh<\/strong><\/span><\/p>\n","protected":false},"excerpt":{"rendered":"<p>Jerusal\u00e9n ocupada, SANA Las fuerzas de ocupaci\u00f3n israel\u00edes arrasaron extensiones de tierras palestinas al noreste de la ciudad ocupada de Jerusal\u00e9n. La agencia palestina de noticias Wafa inform\u00f3 que las fuerzas del ocupante sionista irrumpieron con varias excavadoras en la ciudad de Hizma y barrieron grandes extensiones de sus tierras con el objetivo de construir &hellip;<\/p>\n","protected":false},"author":39,"featured_media":184836,"comment_status":"closed","ping_status":"closed","sticky":false,"template":"","format":"standard","meta":{"footnotes":""},"categories":[447,597,456,7541],"tags":[],"class_list":["post-184835","post","type-post","status-publish","format-standard","has-post-thumbnail","","category-local-politica","category-cinta-de-noticias","category-arabe-internacional-politica","category-ultimas-noticias"],"_links":{"self":[{"href":"https:\/\/archive.sana.sy\/es\/index.php?rest_route=\/wp\/v2\/posts\/184835"}],"collection":[{"href":"https:\/\/archive.sana.sy\/es\/index.php?rest_route=\/wp\/v2\/posts"}],"about":[{"href":"https:\/\/archive.sana.sy\/es\/index.php?rest_route=\/wp\/v2\/types\/post"}],"author":[{"embeddable":true,"href":"https:\/\/archive.sana.sy\/es\/index.php?rest_route=\/wp\/v2\/users\/39"}],"replies":[{"embeddable":true,"href":"https:\/\/archive.sana.sy\/es\/index.php?rest_route=%2Fwp%2Fv2%2Fcomments&post=184835"}],"version-history":[{"count":0,"href":"https:\/\/archive.sana.sy\/es\/index.php?rest_route=\/wp\/v2\/posts\/184835\/revisions"}],"wp:featuredmedia":[{"embeddable":true,"href":"https:\/\/archive.sana.sy\/es\/index.php?rest_route=\/wp\/v2\/media\/184836"}],"wp:attachment":[{"href":"https:\/\/archive.sana.sy\/es\/index.php?rest_route=%2Fwp%2Fv2%2Fmedia&parent=184835"}],"wp:term":[{"taxonomy":"category","embeddable":true,"href":"https:\/\/archive.sana.sy\/es\/index.php?rest_route=%2Fwp%2Fv2%2Fcategories&post=184835"},{"taxonomy":"post_tag","embeddable":true,"href":"https:\/\/archive.sana.sy\/es\/index.php?rest_route=%2Fwp%2Fv2%2Ftags&post=184835"}],"curies":[{"name":"wp","href":"https:\/\/api.w.org\/{rel}","templated":true}]}}