{"id":184895,"date":"2021-06-13T16:40:23","date_gmt":"2021-06-13T13:40:23","guid":{"rendered":"http:\/\/107.6.182.27\/es\/?p=184895"},"modified":"2021-06-13T22:07:48","modified_gmt":"2021-06-13T19:07:48","slug":"un-palestino-continua-huelga-de-hambre-en-protesta-por-las-violaciones-estadounidenses-y-turcas-en-siria","status":"publish","type":"post","link":"https:\/\/archive.sana.sy\/es\/?p=184895","title":{"rendered":"Un palestino contin\u00faa huelga de hambre en protesta por las violaciones estadounidenses y turcas en Siria"},"content":{"rendered":"<p><span style=\"color: #800000;\"><strong>Damasco, SANA<\/strong><\/span><\/p>\n<p>El palestino Ahmad Jibril Faris Jibril contin\u00faa una huelga de hambre por cuarto d\u00eda consecutivo frente a la oficina del Fondo de las Naciones Unidas para la Infancia (UNICEF) en Damasco en protesta contra la ocupaci\u00f3n de \u00e1reas del territorio sirio por parte de Estados Unidos y Turqu\u00eda.<\/p>\n<p>En una declaraci\u00f3n para el corresponsal de SANA, Jibril explic\u00f3 que de esta manera exige el levantamiento del injusto bloqueo impuesto al pueblo sirio, se\u00f1alando las graves violaciones por parte de los ocupantes estadounidenses y turcos en el territorio sirio, en forma de saqueo de los recursos naturales como petr\u00f3leo y trigo, al tiempo que piden ayuda humanitaria al pueblo sirio.<\/p>\n<p>Jibril indic\u00f3 que se declar\u00f3 en huelga porque es un ciudadano palestino que vive en el territorio sirio desde la d\u00e9cada de 1990 y es tratado como un ciudadano sirio.<img loading=\"lazy\" decoding=\"async\" class=\"size-medium wp-image-184897 alignright\" src=\"http:\/\/107.6.182.27\/es\/wp-content\/uploads\/2021\/06\/4-130-300x200.jpg\" alt=\"\" width=\"300\" height=\"200\" srcset=\"https:\/\/archive.sana.sy\/es\/wp-content\/uploads\/2021\/06\/4-130-300x200.jpg 300w, https:\/\/archive.sana.sy\/es\/wp-content\/uploads\/2021\/06\/4-130-150x100.jpg 150w, https:\/\/archive.sana.sy\/es\/wp-content\/uploads\/2021\/06\/4-130.jpg 660w\" sizes=\"(max-width: 300px) 100vw, 300px\" \/><\/p>\n<p style=\"text-align: left;\">&#8220;Lo que estoy haciendo es una porci\u00f3n muy peque\u00f1a de la deuda que le debo al pueblo sirio, su ej\u00e9rcito y liderazgo, que apoyan la causa palestina, y esta es una de las principales razones de la guerra terrorista en Siria.&#8221;<\/p>\n<p>ibril llam\u00f3 a los j\u00f3venes sirios a organizar eventos y participar en este tipo de protestas contra las violaciones estadounidenses, turcas e israel\u00edes, subrayando la necesidad de dirigir la br\u00fajula hacia el verdadero enemigo estadounidense, turco y sionista que mata y saquea la riqueza del pueblo sirio.<\/p>\n<div id='gallery-1' class='gallery galleryid-184895 gallery-columns-1 gallery-size-full'><figure class='gallery-item'>\n\t\t\t<div class='gallery-icon landscape'>\n\t\t\t\t<a href='https:\/\/archive.sana.sy\/es\/?attachment_id=184898'><img loading=\"lazy\" decoding=\"async\" width=\"660\" height=\"463\" src=\"https:\/\/archive.sana.sy\/es\/wp-content\/uploads\/2021\/06\/2-177.jpg\" class=\"attachment-full size-full\" alt=\"\" srcset=\"https:\/\/archive.sana.sy\/es\/wp-content\/uploads\/2021\/06\/2-177.jpg 660w, https:\/\/archive.sana.sy\/es\/wp-content\/uploads\/2021\/06\/2-177-300x210.jpg 300w, https:\/\/archive.sana.sy\/es\/wp-content\/uploads\/2021\/06\/2-177-150x105.jpg 150w\" sizes=\"(max-width: 660px) 100vw, 660px\" \/><\/a>\n\t\t\t<\/div><\/figure><figure class='gallery-item'>\n\t\t\t<div class='gallery-icon landscape'>\n\t\t\t\t<a href='https:\/\/archive.sana.sy\/es\/?attachment_id=184899'><img loading=\"lazy\" decoding=\"async\" width=\"660\" height=\"407\" src=\"https:\/\/archive.sana.sy\/es\/wp-content\/uploads\/2021\/06\/3-161.jpg\" class=\"attachment-full size-full\" alt=\"\" srcset=\"https:\/\/archive.sana.sy\/es\/wp-content\/uploads\/2021\/06\/3-161.jpg 660w, https:\/\/archive.sana.sy\/es\/wp-content\/uploads\/2021\/06\/3-161-300x185.jpg 300w, https:\/\/archive.sana.sy\/es\/wp-content\/uploads\/2021\/06\/3-161-150x93.jpg 150w\" sizes=\"(max-width: 660px) 100vw, 660px\" \/><\/a>\n\t\t\t<\/div><\/figure><figure class='gallery-item'>\n\t\t\t<div class='gallery-icon landscape'>\n\t\t\t\t<a href='https:\/\/archive.sana.sy\/es\/?attachment_id=184900'><img loading=\"lazy\" decoding=\"async\" width=\"660\" height=\"460\" src=\"https:\/\/archive.sana.sy\/es\/wp-content\/uploads\/2021\/06\/5-120.jpg\" class=\"attachment-full size-full\" alt=\"\" srcset=\"https:\/\/archive.sana.sy\/es\/wp-content\/uploads\/2021\/06\/5-120.jpg 660w, https:\/\/archive.sana.sy\/es\/wp-content\/uploads\/2021\/06\/5-120-300x209.jpg 300w, https:\/\/archive.sana.sy\/es\/wp-content\/uploads\/2021\/06\/5-120-150x105.jpg 150w\" sizes=\"(max-width: 660px) 100vw, 660px\" \/><\/a>\n\t\t\t<\/div><\/figure>\n\t\t<\/div>\n\n<p><span style=\"color: #0000ff;\"><strong>ah\/rsh<\/strong><\/span><\/p>\n","protected":false},"excerpt":{"rendered":"<p>Damasco, SANA El palestino Ahmad Jibril Faris Jibril contin\u00faa una huelga de hambre por cuarto d\u00eda consecutivo frente a la oficina del Fondo de las Naciones Unidas para la Infancia (UNICEF) en Damasco en protesta contra la ocupaci\u00f3n de \u00e1reas del territorio sirio por parte de Estados Unidos y Turqu\u00eda. En una declaraci\u00f3n para el &hellip;<\/p>\n","protected":false},"author":39,"featured_media":184896,"comment_status":"closed","ping_status":"closed","sticky":false,"template":"","format":"standard","meta":{"footnotes":""},"categories":[477,597,467,7541],"tags":[],"class_list":["post-184895","post","type-post","status-publish","format-standard","has-post-thumbnail","","category-noticias-edulcorantes","category-cinta-de-noticias","category-siria-y-el-mundo","category-ultimas-noticias"],"_links":{"self":[{"href":"https:\/\/archive.sana.sy\/es\/index.php?rest_route=\/wp\/v2\/posts\/184895"}],"collection":[{"href":"https:\/\/archive.sana.sy\/es\/index.php?rest_route=\/wp\/v2\/posts"}],"about":[{"href":"https:\/\/archive.sana.sy\/es\/index.php?rest_route=\/wp\/v2\/types\/post"}],"author":[{"embeddable":true,"href":"https:\/\/archive.sana.sy\/es\/index.php?rest_route=\/wp\/v2\/users\/39"}],"replies":[{"embeddable":true,"href":"https:\/\/archive.sana.sy\/es\/index.php?rest_route=%2Fwp%2Fv2%2Fcomments&post=184895"}],"version-history":[{"count":0,"href":"https:\/\/archive.sana.sy\/es\/index.php?rest_route=\/wp\/v2\/posts\/184895\/revisions"}],"wp:featuredmedia":[{"embeddable":true,"href":"https:\/\/archive.sana.sy\/es\/index.php?rest_route=\/wp\/v2\/media\/184896"}],"wp:attachment":[{"href":"https:\/\/archive.sana.sy\/es\/index.php?rest_route=%2Fwp%2Fv2%2Fmedia&parent=184895"}],"wp:term":[{"taxonomy":"category","embeddable":true,"href":"https:\/\/archive.sana.sy\/es\/index.php?rest_route=%2Fwp%2Fv2%2Fcategories&post=184895"},{"taxonomy":"post_tag","embeddable":true,"href":"https:\/\/archive.sana.sy\/es\/index.php?rest_route=%2Fwp%2Fv2%2Ftags&post=184895"}],"curies":[{"name":"wp","href":"https:\/\/api.w.org\/{rel}","templated":true}]}}