{"id":18515,"date":"2015-02-26T16:50:55","date_gmt":"2015-02-26T14:50:55","guid":{"rendered":"http:\/\/www.sana.sy\/es\/?p=18515"},"modified":"2015-02-27T22:43:28","modified_gmt":"2015-02-27T20:43:28","slug":"primer-ministro-se-reune-con-actores-populares-y-economicos-de-la-provincia-de-raqqa","status":"publish","type":"post","link":"https:\/\/archive.sana.sy\/es\/?p=18515","title":{"rendered":"Primer Ministro debate con el embajador ruso la firma de nuevos acuerdos"},"content":{"rendered":"<div><span style=\"color: #ff0000\">Damasco, SANA<\/span><\/div>\n<div><\/div>\n<div>El Primer Ministro, Wael al-Halaqui, se reuni\u00f3 con el embajador ruso en Damasco, Alexander Kinshak, con quien debati\u00f3 los medios de implementar los acuerdos firmados entre los dos pa\u00edses y firmar nuevos acuerdos que abarquen todos los sectores de energ\u00eda el\u00e9ctrica, agua potable, educaci\u00f3n superior, transporte y petr\u00f3leo.El primer ministro afirm\u00f3 el inter\u00e9s del gobierno sirio en buscar nuevos horizontes de cooperaci\u00f3n econ\u00f3mica con los pa\u00edses amigos principalmente Rusia, para mitigar los efectos del injusto bloqueo contra el pueblo sirio, y asegurar los necesidades de vivir para el pueblo sirio, llamando a las empresas rusas para establecer proyectos de servicio, inversi\u00f3n, y contribuir a la reconstrucci\u00f3n de Siria.<\/p>\n<p>Por su parte, Kishnak afirm\u00f3 que Mosc\u00fa tiene una verdadera voluntad para desarrollar las relaciones econ\u00f3micas, comerciales e industriales con Siria, y fortalecer sus habilidades.<br \/>\nCabe mencionar que Kishnak fue asignado la semana pasada como embajador extraordinario de Rusia ante Siria.<\/p>\n<\/div>\n<div><\/div>\n<div><span style=\"color: #0000ff\">Primer Ministro se re\u00fane con actores populares y econ\u00f3micos de la provincia de Raqqa<\/span><\/div>\n<div><span style=\"color: #0000ff\">\u00a0<\/span><\/div>\n<div><span lang=\"ES-TRAD\">El primer ministro, Wael al-Halaqui, afirm\u00f3 que el Gobierno ofrece y seguir\u00e1 ofreciendo los alimentos y los requisitos de producci\u00f3n agr\u00edcolas para los ciudadanos en Raqqa, destacando que el ej\u00e9rcito sirio lograr\u00e1 la erradicaci\u00f3n del terrorismo de esta provincia oriental.<\/span><\/div>\n<div><\/div>\n<div><span lang=\"ES-TRAD\">Durante su reuni\u00f3n con una delegaci\u00f3n que incluye a parlamentarios y actores populares, culturales y econ\u00f3micos de Raqqa, al-Halaqui subray\u00f3 la necesidad de aumentar la resistencia popular en la provincia y hacer frente a las organizaciones terroristas.<\/span><\/div>\n<div><\/div>\n<div><a href=\"http:\/\/www.sana.sy\/es\/wp-content\/uploads\/2015\/02\/halaqui1-e1424951914945.jpg\"><img loading=\"lazy\" decoding=\"async\" class=\"alignnone size-medium wp-image-18518\" src=\"http:\/\/www.sana.sy\/es\/wp-content\/uploads\/2015\/02\/halaqui1-300x160.jpg\" alt=\"halaqui\" width=\"300\" height=\"160\" \/><\/a><\/div>\n<div><\/div>\n<div><span lang=\"ES-TRAD\">Asimismo, resalt\u00f3 que el di\u00e1logo nacional es la mejor soluci\u00f3n para salir de la crisis, pero este di\u00e1logo debe realizarse en paralelo con la lucha contra el terrorismo.<\/span><\/div>\n<div><\/div>\n<div><span lang=\"ES-TRAD\">En otro contexto, el primer ministro hizo alusi\u00f3n al importante papel participativo de los poderes legislativo y ejecutivo, y de todos los actores y organismos de la sociedad civil, para mejorar el rendimiento de todos los sectores y fomentar el esp\u00edritu de amor, tolerancia y di\u00e1logo entre los hijos de la naci\u00f3n.<\/span><\/div>\n<div><\/div>\n<div><span lang=\"ES-TRAD\">Por otro lado, los actores populares expresaron su agradecimiento al ej\u00e9rcito sirio por sus sacrificios en la lucha antiterrorista y reiteraron su confianza en su capacidad de restablecer la seguridad y la seguridad en Raqqa.<\/span><\/div>\n<div><\/div>\n<div><span style=\"color: #00ccff\">Hala B., Fady M.<\/span><\/div>\n<div class=\"yj6qo ajU\">\n<div id=\":11g\" class=\"ajR\"><img decoding=\"async\" class=\"ajT\" src=\"https:\/\/ssl.gstatic.com\/ui\/v1\/icons\/mail\/images\/cleardot.gif\" alt=\"\" \/><\/div>\n<\/div>\n","protected":false},"excerpt":{"rendered":"<p>Damasco, SANA El Primer Ministro, Wael al-Halaqui, se reuni\u00f3 con el embajador ruso en Damasco, Alexander Kinshak, con quien debati\u00f3 los medios de implementar los acuerdos firmados entre los dos pa\u00edses y firmar nuevos acuerdos que abarquen todos los sectores de energ\u00eda el\u00e9ctrica, agua potable, educaci\u00f3n superior, transporte y petr\u00f3leo.El primer ministro afirm\u00f3 el inter\u00e9s &hellip;<\/p>\n","protected":false},"author":1,"featured_media":18532,"comment_status":"closed","ping_status":"closed","sticky":false,"template":"","format":"standard","meta":{"footnotes":""},"categories":[477,597,476],"tags":[4214],"class_list":["post-18515","post","type-post","status-publish","format-standard","has-post-thumbnail","","category-noticias-edulcorantes","category-cinta-de-noticias","category-locales","tag-primer-ministro-debate-con-el-embajador-ruso-la-firma-de-nuevos-acuerdos"],"_links":{"self":[{"href":"https:\/\/archive.sana.sy\/es\/index.php?rest_route=\/wp\/v2\/posts\/18515"}],"collection":[{"href":"https:\/\/archive.sana.sy\/es\/index.php?rest_route=\/wp\/v2\/posts"}],"about":[{"href":"https:\/\/archive.sana.sy\/es\/index.php?rest_route=\/wp\/v2\/types\/post"}],"author":[{"embeddable":true,"href":"https:\/\/archive.sana.sy\/es\/index.php?rest_route=\/wp\/v2\/users\/1"}],"replies":[{"embeddable":true,"href":"https:\/\/archive.sana.sy\/es\/index.php?rest_route=%2Fwp%2Fv2%2Fcomments&post=18515"}],"version-history":[{"count":0,"href":"https:\/\/archive.sana.sy\/es\/index.php?rest_route=\/wp\/v2\/posts\/18515\/revisions"}],"wp:featuredmedia":[{"embeddable":true,"href":"https:\/\/archive.sana.sy\/es\/index.php?rest_route=\/wp\/v2\/media\/18532"}],"wp:attachment":[{"href":"https:\/\/archive.sana.sy\/es\/index.php?rest_route=%2Fwp%2Fv2%2Fmedia&parent=18515"}],"wp:term":[{"taxonomy":"category","embeddable":true,"href":"https:\/\/archive.sana.sy\/es\/index.php?rest_route=%2Fwp%2Fv2%2Fcategories&post=18515"},{"taxonomy":"post_tag","embeddable":true,"href":"https:\/\/archive.sana.sy\/es\/index.php?rest_route=%2Fwp%2Fv2%2Ftags&post=18515"}],"curies":[{"name":"wp","href":"https:\/\/api.w.org\/{rel}","templated":true}]}}