{"id":185345,"date":"2021-06-17T13:30:44","date_gmt":"2021-06-17T10:30:44","guid":{"rendered":"http:\/\/107.6.182.27\/es\/?p=185345"},"modified":"2023-01-10T14:28:08","modified_gmt":"2023-01-10T12:28:08","slug":"washington-envia-convoy-de-55-vehiculos-y-camiones-a-sus-bases-ilegales-en-siria","status":"publish","type":"post","link":"https:\/\/archive.sana.sy\/es\/?p=185345","title":{"rendered":"Washington env\u00eda convoy de 55 veh\u00edculos y camiones a sus bases ilegales en Siria"},"content":{"rendered":"<p style=\"text-align: justify;\"><span style=\"color: #800000;\"><strong>Hasakeh, SANA<\/strong><\/span><\/p>\n<p style=\"text-align: justify;\">Las fuerzas de ocupaci\u00f3n estadounidenses reforzaron sus bases ilegales en la provincia nororiental siria de Hasakeh, con un convoy de veh\u00edculos y camiones cargados de armas, municiones y material log\u00edstico.<\/p>\n<p style=\"text-align: justify;\">La Caravana, seg\u00fan activistas locales, estaba conformada de camiones cisterna, contenedores y camiones cargados de cajas grandes, y entr\u00f3 en el territorio sirio procedente del norte de Iraq a trav\u00e9s del cruce ilegal de Al-Walid, y se dirigi\u00f3 hacia las bases ilegales en Hasakeh.<\/p>\n<p style=\"text-align: justify;\">El 14 de este mes, las fuerzas de ocupaci\u00f3n estadounidenses ingresaron 33 veh\u00edculos que transportaban veh\u00edculos militares y equipos log\u00edsticos provenientes del territorio iraqu\u00ed a trav\u00e9s del cruce ilegal de Al-Waleed.<\/p>\n<p style=\"text-align: justify;\"><strong><span style=\"color: #0000ff;\">fm\/ed<\/span><\/strong><\/p>\n","protected":false},"excerpt":{"rendered":"<p>Hasakeh, SANA Las fuerzas de ocupaci\u00f3n estadounidenses reforzaron sus bases ilegales en la provincia nororiental siria de Hasakeh, con un convoy de veh\u00edculos y camiones cargados de armas, municiones y material log\u00edstico. La Caravana, seg\u00fan activistas locales, estaba conformada de camiones cisterna, contenedores y camiones cargados de cajas grandes, y entr\u00f3 en el territorio sirio &hellip;<\/p>\n","protected":false},"author":32,"featured_media":179331,"comment_status":"closed","ping_status":"closed","sticky":false,"template":"","format":"standard","meta":{"footnotes":""},"categories":[477,447,597,476,7541],"tags":[],"class_list":["post-185345","post","type-post","status-publish","format-standard","has-post-thumbnail","","category-noticias-edulcorantes","category-local-politica","category-cinta-de-noticias","category-locales","category-ultimas-noticias"],"_links":{"self":[{"href":"https:\/\/archive.sana.sy\/es\/index.php?rest_route=\/wp\/v2\/posts\/185345"}],"collection":[{"href":"https:\/\/archive.sana.sy\/es\/index.php?rest_route=\/wp\/v2\/posts"}],"about":[{"href":"https:\/\/archive.sana.sy\/es\/index.php?rest_route=\/wp\/v2\/types\/post"}],"author":[{"embeddable":true,"href":"https:\/\/archive.sana.sy\/es\/index.php?rest_route=\/wp\/v2\/users\/32"}],"replies":[{"embeddable":true,"href":"https:\/\/archive.sana.sy\/es\/index.php?rest_route=%2Fwp%2Fv2%2Fcomments&post=185345"}],"version-history":[{"count":0,"href":"https:\/\/archive.sana.sy\/es\/index.php?rest_route=\/wp\/v2\/posts\/185345\/revisions"}],"wp:featuredmedia":[{"embeddable":true,"href":"https:\/\/archive.sana.sy\/es\/index.php?rest_route=\/wp\/v2\/media\/179331"}],"wp:attachment":[{"href":"https:\/\/archive.sana.sy\/es\/index.php?rest_route=%2Fwp%2Fv2%2Fmedia&parent=185345"}],"wp:term":[{"taxonomy":"category","embeddable":true,"href":"https:\/\/archive.sana.sy\/es\/index.php?rest_route=%2Fwp%2Fv2%2Fcategories&post=185345"},{"taxonomy":"post_tag","embeddable":true,"href":"https:\/\/archive.sana.sy\/es\/index.php?rest_route=%2Fwp%2Fv2%2Ftags&post=185345"}],"curies":[{"name":"wp","href":"https:\/\/api.w.org\/{rel}","templated":true}]}}