{"id":185347,"date":"2021-06-17T13:46:57","date_gmt":"2021-06-17T10:46:57","guid":{"rendered":"http:\/\/107.6.182.27\/es\/?p=185347"},"modified":"2023-01-10T14:28:08","modified_gmt":"2023-01-10T12:28:08","slug":"primer-ministro-se-reune-con-los-diputados-por-la-provincia-de-hasakeh","status":"publish","type":"post","link":"https:\/\/archive.sana.sy\/es\/?p=185347","title":{"rendered":"Primer Ministro se re\u00fane con los diputados por la provincia de Hasakeh"},"content":{"rendered":"<p style=\"text-align: justify;\"><span style=\"color: #800000;\"><strong>Damasco, SANA<\/strong><\/span><\/p>\n<p style=\"text-align: justify;\">El Primer Ministro, Hussein Arnous, abord\u00f3 con los diputados de la Asamblea del Pueblo por Hasakeh, la realidad del servicios y fomento en esta provincia nororiental, y la necesidad de concertar esfuerzos para asegurar las necesidades b\u00e1sicas de la poblaci\u00f3n teniendo en cuenta las dif\u00edciles condiciones generadas por las pr\u00e1cticas inhumanas de las ocupaciones estadounidense y turca y sus milicias lacayas.<\/p>\n<p style=\"text-align: justify;\">Arnous destac\u00f3 la continuaci\u00f3n del trabajo para mejorar la realidad de los servicios en la gobernaci\u00f3n seg\u00fan lo permitan las condiciones actuales, ya que se firm\u00f3 un contrato para establecer 4 plantas desalinizadoras para mejorar la situaci\u00f3n del agua.<\/p>\n<p style=\"text-align: justify;\">Destac\u00f3 la importancia de la complementariedad y coordinaci\u00f3n continua entre las instituciones estatales y la comunidad local para conocer todo lo que se pueda brindar a los habitantes de esa provincia.<\/p>\n<p style=\"text-align: justify;\">El Primer Ministro pidi\u00f3 a los agricultores de la gobernaci\u00f3n que entreguen su cosecha de trigo a los centros de cereales para asegurar la necesidad de harina de la gobernaci\u00f3n.<\/p>\n<p style=\"text-align: justify;\">Las propuestas de los diputados se centraron sobre una serie de temas de inter\u00e9s para la poblaci\u00f3n de la gobernaci\u00f3n en los campos educativo y de salud, la indemnizaci\u00f3n de los agricultores afectados por la sequ\u00eda, la mejora de la situaci\u00f3n del agua, el aumento del n\u00famero de vuelos entre Damasco y Qamishli, activar el transporte terrestre entre Hasakeh y otras provincias, adem\u00e1s de reforzar el personal m\u00e9dico y de enfermer\u00eda.<\/p>\n<p style=\"text-align: justify;\"><strong><span style=\"color: #0000ff;\">fm\/ed<\/span><\/strong><\/p>\n","protected":false},"excerpt":{"rendered":"<p>Damasco, SANA El Primer Ministro, Hussein Arnous, abord\u00f3 con los diputados de la Asamblea del Pueblo por Hasakeh, la realidad del servicios y fomento en esta provincia nororiental, y la necesidad de concertar esfuerzos para asegurar las necesidades b\u00e1sicas de la poblaci\u00f3n teniendo en cuenta las dif\u00edciles condiciones generadas por las pr\u00e1cticas inhumanas de las &hellip;<\/p>\n","protected":false},"author":32,"featured_media":185348,"comment_status":"closed","ping_status":"closed","sticky":false,"template":"","format":"standard","meta":{"footnotes":""},"categories":[477,447,597,476,7541],"tags":[],"class_list":["post-185347","post","type-post","status-publish","format-standard","has-post-thumbnail","","category-noticias-edulcorantes","category-local-politica","category-cinta-de-noticias","category-locales","category-ultimas-noticias"],"_links":{"self":[{"href":"https:\/\/archive.sana.sy\/es\/index.php?rest_route=\/wp\/v2\/posts\/185347"}],"collection":[{"href":"https:\/\/archive.sana.sy\/es\/index.php?rest_route=\/wp\/v2\/posts"}],"about":[{"href":"https:\/\/archive.sana.sy\/es\/index.php?rest_route=\/wp\/v2\/types\/post"}],"author":[{"embeddable":true,"href":"https:\/\/archive.sana.sy\/es\/index.php?rest_route=\/wp\/v2\/users\/32"}],"replies":[{"embeddable":true,"href":"https:\/\/archive.sana.sy\/es\/index.php?rest_route=%2Fwp%2Fv2%2Fcomments&post=185347"}],"version-history":[{"count":0,"href":"https:\/\/archive.sana.sy\/es\/index.php?rest_route=\/wp\/v2\/posts\/185347\/revisions"}],"wp:featuredmedia":[{"embeddable":true,"href":"https:\/\/archive.sana.sy\/es\/index.php?rest_route=\/wp\/v2\/media\/185348"}],"wp:attachment":[{"href":"https:\/\/archive.sana.sy\/es\/index.php?rest_route=%2Fwp%2Fv2%2Fmedia&parent=185347"}],"wp:term":[{"taxonomy":"category","embeddable":true,"href":"https:\/\/archive.sana.sy\/es\/index.php?rest_route=%2Fwp%2Fv2%2Fcategories&post=185347"},{"taxonomy":"post_tag","embeddable":true,"href":"https:\/\/archive.sana.sy\/es\/index.php?rest_route=%2Fwp%2Fv2%2Ftags&post=185347"}],"curies":[{"name":"wp","href":"https:\/\/api.w.org\/{rel}","templated":true}]}}