{"id":185350,"date":"2021-06-17T13:28:39","date_gmt":"2021-06-17T10:28:39","guid":{"rendered":"http:\/\/107.6.182.27\/es\/?p=185350"},"modified":"2021-06-17T14:02:09","modified_gmt":"2021-06-17T11:02:09","slug":"un-civil-resulta-herido-por-explosion-de-una-bomba-colocada-en-su-coche-en-quneitra","status":"publish","type":"post","link":"https:\/\/archive.sana.sy\/es\/?p=185350","title":{"rendered":"Un civil resulta herido por explosi\u00f3n de una bomba colocada en su coche en Quneitra"},"content":{"rendered":"<p style=\"text-align: justify;\"><strong><span style=\"color: #800000;\">Quneitra, SANA<\/span><\/strong><\/p>\n<p style=\"text-align: justify;\">Un civil result\u00f3 lesionado por la explosi\u00f3n de una bomba colocada por desconocidos en su autom\u00f3vil en el poblado de Rafid, en el sur de la provincia sudoccidental de Quneitra.<\/p>\n<p style=\"text-align: justify;\">Fuente m\u00e9dica del hospital provincial Mamdouh Abaza inform\u00f3 al reportero de SANA esta instituci\u00f3n m\u00e9dica recibi\u00f3 a un civil lesionado con metrallas, y se le brind\u00f3 de inmediato la ayuda y el tratamiento adecuados, y su estado de salud ahora es estable.<\/p>\n<p style=\"text-align: justify;\"><strong><span style=\"color: #0000ff;\">fm\/ed<\/span><\/strong><\/p>\n","protected":false},"excerpt":{"rendered":"<p>Quneitra, SANA Un civil result\u00f3 lesionado por la explosi\u00f3n de una bomba colocada por desconocidos en su autom\u00f3vil en el poblado de Rafid, en el sur de la provincia sudoccidental de Quneitra. Fuente m\u00e9dica del hospital provincial Mamdouh Abaza inform\u00f3 al reportero de SANA esta instituci\u00f3n m\u00e9dica recibi\u00f3 a un civil lesionado con metrallas, y &hellip;<\/p>\n","protected":false},"author":32,"featured_media":185351,"comment_status":"closed","ping_status":"closed","sticky":false,"template":"","format":"standard","meta":{"footnotes":""},"categories":[477,447,597,573,476,7541],"tags":[],"class_list":["post-185350","post","type-post","status-publish","format-standard","has-post-thumbnail","","category-noticias-edulcorantes","category-local-politica","category-cinta-de-noticias","category-la-realidad-de-los-acontecimientos-en-siria","category-locales","category-ultimas-noticias"],"_links":{"self":[{"href":"https:\/\/archive.sana.sy\/es\/index.php?rest_route=\/wp\/v2\/posts\/185350"}],"collection":[{"href":"https:\/\/archive.sana.sy\/es\/index.php?rest_route=\/wp\/v2\/posts"}],"about":[{"href":"https:\/\/archive.sana.sy\/es\/index.php?rest_route=\/wp\/v2\/types\/post"}],"author":[{"embeddable":true,"href":"https:\/\/archive.sana.sy\/es\/index.php?rest_route=\/wp\/v2\/users\/32"}],"replies":[{"embeddable":true,"href":"https:\/\/archive.sana.sy\/es\/index.php?rest_route=%2Fwp%2Fv2%2Fcomments&post=185350"}],"version-history":[{"count":0,"href":"https:\/\/archive.sana.sy\/es\/index.php?rest_route=\/wp\/v2\/posts\/185350\/revisions"}],"wp:featuredmedia":[{"embeddable":true,"href":"https:\/\/archive.sana.sy\/es\/index.php?rest_route=\/wp\/v2\/media\/185351"}],"wp:attachment":[{"href":"https:\/\/archive.sana.sy\/es\/index.php?rest_route=%2Fwp%2Fv2%2Fmedia&parent=185350"}],"wp:term":[{"taxonomy":"category","embeddable":true,"href":"https:\/\/archive.sana.sy\/es\/index.php?rest_route=%2Fwp%2Fv2%2Fcategories&post=185350"},{"taxonomy":"post_tag","embeddable":true,"href":"https:\/\/archive.sana.sy\/es\/index.php?rest_route=%2Fwp%2Fv2%2Ftags&post=185350"}],"curies":[{"name":"wp","href":"https:\/\/api.w.org\/{rel}","templated":true}]}}