{"id":185364,"date":"2021-06-17T13:20:07","date_gmt":"2021-06-17T10:20:07","guid":{"rendered":"http:\/\/107.6.182.27\/es\/?p=185364"},"modified":"2021-06-17T15:58:37","modified_gmt":"2021-06-17T12:58:37","slug":"milicia-fds-secuestra-civiles-en-el-este-de-deir-ezzor","status":"publish","type":"post","link":"https:\/\/archive.sana.sy\/es\/?p=185364","title":{"rendered":"Milicia FDS secuestra civiles en el este de Deir Ezzor"},"content":{"rendered":"<p><span style=\"color: #800000;\">Deir Ezzor, SANA<\/span><\/p>\n<p style=\"text-align: justify;\">La milicia proestadounidense \u201cFuerzas Democr\u00e1ticas de Siria\u201d (FDS) secuestr\u00f3 varios civiles de la localidad de Granig, al este de Deir Ezzor.<\/p>\n<p style=\"text-align: justify;\">Activistas locales informaron a SANA que las FDS allanaron este jueves el barrio al-Maadan en la mencionada localidad, donde secuestraron varios residentes.<\/p>\n<p style=\"text-align: justify;\">\u201cLos secuestrados fueron trasladados a un lugar desconocido\u201d, detallaron.<\/p>\n<p style=\"text-align: justify;\">Los secuestros de civiles por esta formaci\u00f3n armada ilegal en las zonas que ocupa en la regi\u00f3n de al-Jazira (Este del \u00c9ufrates), se convirtieron en acciones diarias, donde las v\u00edctimas se trasladan por la fuerza a los campamentos de entrenamiento militar para obligarles a combatir en sus filas.<\/p>\n<p><span style=\"color: #0000ff;\">rr\/fm<\/span><\/p>\n","protected":false},"excerpt":{"rendered":"<p>Deir Ezzor, SANA La milicia proestadounidense \u201cFuerzas Democr\u00e1ticas de Siria\u201d (FDS) secuestr\u00f3 varios civiles de la localidad de Granig, al este de Deir Ezzor. Activistas locales informaron a SANA que las FDS allanaron este jueves el barrio al-Maadan en la mencionada localidad, donde secuestraron varios residentes. \u201cLos secuestrados fueron trasladados a un lugar desconocido\u201d, detallaron. &hellip;<\/p>\n","protected":false},"author":31,"featured_media":185365,"comment_status":"closed","ping_status":"closed","sticky":false,"template":"","format":"standard","meta":{"footnotes":""},"categories":[597,573,7541],"tags":[],"class_list":["post-185364","post","type-post","status-publish","format-standard","has-post-thumbnail","","category-cinta-de-noticias","category-la-realidad-de-los-acontecimientos-en-siria","category-ultimas-noticias"],"_links":{"self":[{"href":"https:\/\/archive.sana.sy\/es\/index.php?rest_route=\/wp\/v2\/posts\/185364"}],"collection":[{"href":"https:\/\/archive.sana.sy\/es\/index.php?rest_route=\/wp\/v2\/posts"}],"about":[{"href":"https:\/\/archive.sana.sy\/es\/index.php?rest_route=\/wp\/v2\/types\/post"}],"author":[{"embeddable":true,"href":"https:\/\/archive.sana.sy\/es\/index.php?rest_route=\/wp\/v2\/users\/31"}],"replies":[{"embeddable":true,"href":"https:\/\/archive.sana.sy\/es\/index.php?rest_route=%2Fwp%2Fv2%2Fcomments&post=185364"}],"version-history":[{"count":0,"href":"https:\/\/archive.sana.sy\/es\/index.php?rest_route=\/wp\/v2\/posts\/185364\/revisions"}],"wp:featuredmedia":[{"embeddable":true,"href":"https:\/\/archive.sana.sy\/es\/index.php?rest_route=\/wp\/v2\/media\/185365"}],"wp:attachment":[{"href":"https:\/\/archive.sana.sy\/es\/index.php?rest_route=%2Fwp%2Fv2%2Fmedia&parent=185364"}],"wp:term":[{"taxonomy":"category","embeddable":true,"href":"https:\/\/archive.sana.sy\/es\/index.php?rest_route=%2Fwp%2Fv2%2Fcategories&post=185364"},{"taxonomy":"post_tag","embeddable":true,"href":"https:\/\/archive.sana.sy\/es\/index.php?rest_route=%2Fwp%2Fv2%2Ftags&post=185364"}],"curies":[{"name":"wp","href":"https:\/\/api.w.org\/{rel}","templated":true}]}}