{"id":185393,"date":"2021-06-17T19:12:08","date_gmt":"2021-06-17T16:12:08","guid":{"rendered":"http:\/\/107.6.182.27\/es\/?p=185393"},"modified":"2023-01-10T15:14:09","modified_gmt":"2023-01-10T13:14:09","slug":"siria-e-iran-examinan-desarrollar-la-cooperacion-economica-y-de-inversion","status":"publish","type":"post","link":"https:\/\/archive.sana.sy\/es\/?p=185393","title":{"rendered":"Siria e Ir\u00e1n examinan desarrollar la cooperaci\u00f3n econ\u00f3mica y de inversi\u00f3n"},"content":{"rendered":"<p style=\"text-align: justify;\"><span style=\"color: #800000;\"><strong>Damasco, SANA<\/strong><\/span><\/p>\n<p style=\"text-align: justify;\">El Ministro de Econom\u00eda y Comercio Externo, Mohammad Samer al-Khalil, jefe de la parte siria en el Comit\u00e9 Econ\u00f3mico Conjunto Sirio-Iran\u00ed, debati\u00f3 con el Ministro de Construcci\u00f3n de Carreteras y Desarrollo Urbano de Ir\u00e1n, Mohammad Islami, jefe de la parte iran\u00ed en dicho comit\u00e9, las v\u00edas de cooperaci\u00f3n y desarrollo de las relaciones econ\u00f3micas y el comercio entre ambos pa\u00edses.<\/p>\n<p style=\"text-align: justify;\">Asimismo, se examin\u00f3 la implementaci\u00f3n de los acuerdos firmados anteriormente entre ambas partes.<\/p>\n<p style=\"text-align: justify;\">Durante la reuni\u00f3n celebrada en la sede del Ministerio de Econom\u00eda fueron examinados los t\u00e9rminos del acuerdo de cooperaci\u00f3n econ\u00f3mica estrat\u00e9gica a largo plazo entre los dos pa\u00edses, y los obst\u00e1culos que impiden la implementaci\u00f3n de ciertos art\u00edculos.<\/p>\n<p style=\"text-align: justify;\">Tambi\u00e9n examin\u00f3 aumentar los niveles de comercio y los mecanismos que ayuden a facilitar el intercambio de bienes y transacciones financieras entre las empresas iran\u00edes y sirias.<\/p>\n<p style=\"text-align: justify;\">Islami destac\u00f3 que Siria vive una importante coyuntura estrat\u00e9gica a la luz de las victorias pol\u00edticas y militares logradas gracias a la firmeza de Estado- pueblo, y al apoyo del Eje de la resistencia.<\/p>\n<p style=\"text-align: justify;\">Elogi\u00f3 el \u00e9xito de las elecciones presidenciales que atestiguaron amplia participaci\u00f3n popular, lo que requiere acelerar el ritmo de la reconstrucci\u00f3n, y destac\u00f3 la necesidad de eliminar ciertos obst\u00e1culos burocr\u00e1ticos.<\/p>\n<p style=\"text-align: justify;\">Por su parte, el Ministro al-Khalil consider\u00f3 que la reuni\u00f3n con la parte iran\u00ed es una buena oportunidad para discutir todo lo que beneficia a los dos pa\u00edses, se\u00f1alando el gran logro alcanzado durante el \u00faltimo per\u00edodo en t\u00e9rmino de convenios conjuntos.<\/p>\n<p style=\"text-align: justify;\">Se\u00f1al\u00f3 que la aplicaci\u00f3n de los acuerdos firmados conducir\u00e1 a un salto cualitativo en todos los planos.<\/p>\n<p style=\"text-align: justify;\"><span style=\"color: #0000ff;\"><strong>ah\/rsh<\/strong><\/span><\/p>\n","protected":false},"excerpt":{"rendered":"<p>Damasco, SANA El Ministro de Econom\u00eda y Comercio Externo, Mohammad Samer al-Khalil, jefe de la parte siria en el Comit\u00e9 Econ\u00f3mico Conjunto Sirio-Iran\u00ed, debati\u00f3 con el Ministro de Construcci\u00f3n de Carreteras y Desarrollo Urbano de Ir\u00e1n, Mohammad Islami, jefe de la parte iran\u00ed en dicho comit\u00e9, las v\u00edas de cooperaci\u00f3n y desarrollo de las relaciones &hellip;<\/p>\n","protected":false},"author":30,"featured_media":185394,"comment_status":"closed","ping_status":"closed","sticky":false,"template":"","format":"standard","meta":{"footnotes":""},"categories":[477,597,16686,485,476,467,7541],"tags":[19192],"class_list":["post-185393","post","type-post","status-publish","format-standard","has-post-thumbnail","","category-noticias-edulcorantes","category-cinta-de-noticias","category-economia","category-informes-negocios-y-finanzas","category-locales","category-siria-y-el-mundo","category-ultimas-noticias","tag-siria-e-iran-examinan-desarrollar-la-cooperacion-economica-y-de-inversion"],"_links":{"self":[{"href":"https:\/\/archive.sana.sy\/es\/index.php?rest_route=\/wp\/v2\/posts\/185393"}],"collection":[{"href":"https:\/\/archive.sana.sy\/es\/index.php?rest_route=\/wp\/v2\/posts"}],"about":[{"href":"https:\/\/archive.sana.sy\/es\/index.php?rest_route=\/wp\/v2\/types\/post"}],"author":[{"embeddable":true,"href":"https:\/\/archive.sana.sy\/es\/index.php?rest_route=\/wp\/v2\/users\/30"}],"replies":[{"embeddable":true,"href":"https:\/\/archive.sana.sy\/es\/index.php?rest_route=%2Fwp%2Fv2%2Fcomments&post=185393"}],"version-history":[{"count":0,"href":"https:\/\/archive.sana.sy\/es\/index.php?rest_route=\/wp\/v2\/posts\/185393\/revisions"}],"wp:featuredmedia":[{"embeddable":true,"href":"https:\/\/archive.sana.sy\/es\/index.php?rest_route=\/wp\/v2\/media\/185394"}],"wp:attachment":[{"href":"https:\/\/archive.sana.sy\/es\/index.php?rest_route=%2Fwp%2Fv2%2Fmedia&parent=185393"}],"wp:term":[{"taxonomy":"category","embeddable":true,"href":"https:\/\/archive.sana.sy\/es\/index.php?rest_route=%2Fwp%2Fv2%2Fcategories&post=185393"},{"taxonomy":"post_tag","embeddable":true,"href":"https:\/\/archive.sana.sy\/es\/index.php?rest_route=%2Fwp%2Fv2%2Ftags&post=185393"}],"curies":[{"name":"wp","href":"https:\/\/api.w.org\/{rel}","templated":true}]}}