{"id":185396,"date":"2021-06-17T19:45:37","date_gmt":"2021-06-17T16:45:37","guid":{"rendered":"http:\/\/107.6.182.27\/es\/?p=185396"},"modified":"2023-01-10T15:14:09","modified_gmt":"2023-01-10T13:14:09","slug":"185396","status":"publish","type":"post","link":"https:\/\/archive.sana.sy\/es\/?p=185396","title":{"rendered":"Siria e Ir\u00e1n examinan acelerar la ejecuci\u00f3n de proyectos conjuntos y la cooperaci\u00f3n bilateral"},"content":{"rendered":"<p style=\"text-align: justify;\"><span style=\"color: #800000;\"><strong>Damasco, SANA<\/strong><\/span><\/p>\n<p style=\"text-align: justify;\">El presidente del Consejo de Ministros, Hussein Arnous, examin\u00f3 con el Ministro iran\u00ed de Construcci\u00f3n de Carreteras y Desarrollo Urbano, Mohammad Islami, las formas de fortalecer la cooperaci\u00f3n econ\u00f3mica en los campos de inversi\u00f3n, comercio, transporte, construcci\u00f3n, infraestructuras y agricultura y, acelerar la ejecuci\u00f3n de los proyectos conjuntos en inter\u00e9s de los dos pa\u00edses y pueblos amigos.<\/p>\n<p style=\"text-align: justify;\">En las conversaciones tambi\u00e9n se abordaron los pasos dados para la implementaci\u00f3n de los acuerdos y proyectos conjuntos, y las etapas que han alcanzado y las v\u00edas para impulsarlos.<\/p>\n<p style=\"text-align: justify;\">El Primer Ministro subray\u00f3 la necesidad de aprovechar las relaciones hist\u00f3ricas entre los dos pa\u00edses para hacer frente a las fuerzas de agresi\u00f3n y terrorismo, y crear perspectivas m\u00e1s amplias de cooperaci\u00f3n para contrarrestar el injusto bloqueo econ\u00f3mico impuesto a los pueblos de Siria e Ir\u00e1n.<\/p>\n<p style=\"text-align: justify;\">Arnous reiter\u00f3 la voluntad del gobierno sirio de promover el comercio bilateral y procurar una mayor integraci\u00f3n econ\u00f3mica en todos los niveles, y agradeci\u00f3 a la Rep\u00fablica Isl\u00e1mica de Ir\u00e1n por su apoyo frente a la guerra antiterrorista.<\/p>\n<p style=\"text-align: justify;\">Por su parte, el Ministro iran\u00ed ratific\u00f3 el continuo apoyo de su pa\u00eds a la reconstrucci\u00f3n y el desarrollo econ\u00f3mico de Siria, expresando el deseo de implementar proyectos conjuntos para la rehabilitaci\u00f3n de infraestructura y proyectos acorde a las prioridades fijadas por el gobierno sirio.<\/p>\n<p style=\"text-align: justify;\">&#8220;El pueblo sirio envi\u00f3 un mensaje a todo el mundo a trav\u00e9s de su fuerte participaci\u00f3n en las elecciones presidenciales lo que afirma su apego a su decisi\u00f3n nacional soberana&#8221;, dijo.<\/p>\n<p style=\"text-align: justify;\">Ambas partes acordaron encontrar mecanismos comunes para activar las transferencias entre los dos pa\u00edses, y beneficiarse de la experiencia de la parte iran\u00ed en la ejecuci\u00f3n de proyectos de construcci\u00f3n, y el trueque de los bienes necesarios para los mercados de los dos pa\u00edses.<\/p>\n<p style=\"text-align: justify;\">Asimismo se acord\u00f3 completar los procedimientos jur\u00eddicos del documento de cooperaci\u00f3n econ\u00f3mica para beneficiar a las econom\u00edas de los dos pa\u00edses.<\/p>\n<p style=\"text-align: justify;\"><span style=\"color: #0000ff;\"><strong>ah\/rsh<\/strong><\/span><\/p>\n","protected":false},"excerpt":{"rendered":"<p>Damasco, SANA El presidente del Consejo de Ministros, Hussein Arnous, examin\u00f3 con el Ministro iran\u00ed de Construcci\u00f3n de Carreteras y Desarrollo Urbano, Mohammad Islami, las formas de fortalecer la cooperaci\u00f3n econ\u00f3mica en los campos de inversi\u00f3n, comercio, transporte, construcci\u00f3n, infraestructuras y agricultura y, acelerar la ejecuci\u00f3n de los proyectos conjuntos en inter\u00e9s de los dos &hellip;<\/p>\n","protected":false},"author":30,"featured_media":185397,"comment_status":"closed","ping_status":"closed","sticky":false,"template":"","format":"standard","meta":{"footnotes":""},"categories":[477,597,16686,485,467,583],"tags":[19193],"class_list":["post-185396","post","type-post","status-publish","format-standard","has-post-thumbnail","","category-noticias-edulcorantes","category-cinta-de-noticias","category-economia","category-informes-negocios-y-finanzas","category-siria-y-el-mundo","category-slide","tag-siria-e-iran-examinan-acelerar-la-ejecucion-de-proyectos-conjuntos-y-la-cooperacion-bilateral"],"_links":{"self":[{"href":"https:\/\/archive.sana.sy\/es\/index.php?rest_route=\/wp\/v2\/posts\/185396"}],"collection":[{"href":"https:\/\/archive.sana.sy\/es\/index.php?rest_route=\/wp\/v2\/posts"}],"about":[{"href":"https:\/\/archive.sana.sy\/es\/index.php?rest_route=\/wp\/v2\/types\/post"}],"author":[{"embeddable":true,"href":"https:\/\/archive.sana.sy\/es\/index.php?rest_route=\/wp\/v2\/users\/30"}],"replies":[{"embeddable":true,"href":"https:\/\/archive.sana.sy\/es\/index.php?rest_route=%2Fwp%2Fv2%2Fcomments&post=185396"}],"version-history":[{"count":0,"href":"https:\/\/archive.sana.sy\/es\/index.php?rest_route=\/wp\/v2\/posts\/185396\/revisions"}],"wp:featuredmedia":[{"embeddable":true,"href":"https:\/\/archive.sana.sy\/es\/index.php?rest_route=\/wp\/v2\/media\/185397"}],"wp:attachment":[{"href":"https:\/\/archive.sana.sy\/es\/index.php?rest_route=%2Fwp%2Fv2%2Fmedia&parent=185396"}],"wp:term":[{"taxonomy":"category","embeddable":true,"href":"https:\/\/archive.sana.sy\/es\/index.php?rest_route=%2Fwp%2Fv2%2Fcategories&post=185396"},{"taxonomy":"post_tag","embeddable":true,"href":"https:\/\/archive.sana.sy\/es\/index.php?rest_route=%2Fwp%2Fv2%2Ftags&post=185396"}],"curies":[{"name":"wp","href":"https:\/\/api.w.org\/{rel}","templated":true}]}}