{"id":185481,"date":"2021-06-17T22:14:17","date_gmt":"2021-06-17T19:14:17","guid":{"rendered":"http:\/\/107.6.182.27\/es\/?p=185481"},"modified":"2023-01-10T14:28:07","modified_gmt":"2023-01-10T12:28:07","slug":"a-causa-del-bloqueo-ministerio-de-salud-sube-los-precios-de-medicamentos-nacionales","status":"publish","type":"post","link":"https:\/\/archive.sana.sy\/es\/?p=185481","title":{"rendered":"A causa del bloqueo, Ministerio de Salud sube los precios de medicamentos nacionales"},"content":{"rendered":"<p style=\"text-align: justify;\"><span style=\"color: #800000;\"><strong>Damasco, SANA<\/strong><\/span><\/p>\n<p style=\"text-align: justify;\">El Comit\u00e9 T\u00e9cnico Supremo de F\u00e1rmacos emiti\u00f3 hoy una resoluci\u00f3n, en la cual se modifican los precios de los medicamentos fabricados en el pa\u00eds.<\/p>\n<p style=\"text-align: justify;\">El viceministro de Salud para Asuntos Farmac\u00e9uticos y Productos F\u00e1rmacos, Obaidah Qatee, en una declaraci\u00f3n a SANA explic\u00f3 que la decisi\u00f3n de subir los precios de medicamentos en un 30% pretende paliar la falta de f\u00e1rmacos de fabricaci\u00f3n local debido a los altos costos de producci\u00f3n y al aumento de las tarifas de importaci\u00f3n de materias primas como consecuencia del bloqueo y las medidas coercitivas unilaterales impuestas al pueblo sirio.<\/p>\n<p style=\"text-align: justify;\">El viceministro agreg\u00f3 que el gobierno sirio sigue apoyando a la industria farmac\u00e9utica nacional a trav\u00e9s de varias medidas, entre ellas, la exenci\u00f3n de las materias primas involucradas en esta industria de los aranceles aduaneros y todos los dem\u00e1s impuestos y tarifas que se imponen a la importaci\u00f3n.<\/p>\n<p style=\"text-align: justify;\"><span style=\"color: #0000ff;\"><strong>sm\/rsh<\/strong><\/span><\/p>\n","protected":false},"excerpt":{"rendered":"<p>Damasco, SANA El Comit\u00e9 T\u00e9cnico Supremo de F\u00e1rmacos emiti\u00f3 hoy una resoluci\u00f3n, en la cual se modifican los precios de los medicamentos fabricados en el pa\u00eds. El viceministro de Salud para Asuntos Farmac\u00e9uticos y Productos F\u00e1rmacos, Obaidah Qatee, en una declaraci\u00f3n a SANA explic\u00f3 que la decisi\u00f3n de subir los precios de medicamentos en un &hellip;<\/p>\n","protected":false},"author":39,"featured_media":185482,"comment_status":"closed","ping_status":"closed","sticky":false,"template":"","format":"standard","meta":{"footnotes":""},"categories":[477,447,597,476,7541],"tags":[],"class_list":["post-185481","post","type-post","status-publish","format-standard","has-post-thumbnail","","category-noticias-edulcorantes","category-local-politica","category-cinta-de-noticias","category-locales","category-ultimas-noticias"],"_links":{"self":[{"href":"https:\/\/archive.sana.sy\/es\/index.php?rest_route=\/wp\/v2\/posts\/185481"}],"collection":[{"href":"https:\/\/archive.sana.sy\/es\/index.php?rest_route=\/wp\/v2\/posts"}],"about":[{"href":"https:\/\/archive.sana.sy\/es\/index.php?rest_route=\/wp\/v2\/types\/post"}],"author":[{"embeddable":true,"href":"https:\/\/archive.sana.sy\/es\/index.php?rest_route=\/wp\/v2\/users\/39"}],"replies":[{"embeddable":true,"href":"https:\/\/archive.sana.sy\/es\/index.php?rest_route=%2Fwp%2Fv2%2Fcomments&post=185481"}],"version-history":[{"count":0,"href":"https:\/\/archive.sana.sy\/es\/index.php?rest_route=\/wp\/v2\/posts\/185481\/revisions"}],"wp:featuredmedia":[{"embeddable":true,"href":"https:\/\/archive.sana.sy\/es\/index.php?rest_route=\/wp\/v2\/media\/185482"}],"wp:attachment":[{"href":"https:\/\/archive.sana.sy\/es\/index.php?rest_route=%2Fwp%2Fv2%2Fmedia&parent=185481"}],"wp:term":[{"taxonomy":"category","embeddable":true,"href":"https:\/\/archive.sana.sy\/es\/index.php?rest_route=%2Fwp%2Fv2%2Fcategories&post=185481"},{"taxonomy":"post_tag","embeddable":true,"href":"https:\/\/archive.sana.sy\/es\/index.php?rest_route=%2Fwp%2Fv2%2Ftags&post=185481"}],"curies":[{"name":"wp","href":"https:\/\/api.w.org\/{rel}","templated":true}]}}