{"id":185513,"date":"2021-06-18T10:46:09","date_gmt":"2021-06-18T07:46:09","guid":{"rendered":"http:\/\/107.6.182.27\/es\/?p=185513"},"modified":"2023-01-10T15:14:08","modified_gmt":"2023-01-10T13:14:08","slug":"foro-sirio-irani-para-impulsar-el-intercambio-comercial-y-economico-entre-ambos-paises","status":"publish","type":"post","link":"https:\/\/archive.sana.sy\/es\/?p=185513","title":{"rendered":"Foro sirio-iran\u00ed para impulsar el intercambio comercial y econ\u00f3mico entre ambos pa\u00edses"},"content":{"rendered":"<p style=\"text-align: justify;\"><span style=\"color: #800000;\"><strong>Damasco, SANA<\/strong><\/span><\/p>\n<p style=\"text-align: justify;\">El Foro Comercial y Econ\u00f3mico Sirio-iran\u00ed abord\u00f3 los ejes fundamentales de la cooperaci\u00f3n entre los dos pa\u00edses y las formas de superar las dificultades que enfrentan las relaciones comerciales y econ\u00f3micas comunes.<\/p>\n<p style=\"text-align: justify;\">Participaron en el evento, celebrado en el Hotel Dama Rose en Damasco, y organizado por la C\u00e1mara de Comercio Conjunta Sirio-iran\u00ed, en coordinaci\u00f3n con el Centro de Comercio de Ir\u00e1n, industriales, inversores y empresarios de la C\u00e1mara de Comercio Conjunta Sirio-iran\u00ed, la Federaci\u00f3n de C\u00e1maras de Industria, Agricultura y Comercio de Siria y el Centro de Comercio iran\u00ed.<\/p>\n<p style=\"text-align: justify;\">El ministro de Econom\u00eda y Comercio Exterior, Mohammed Samer Khalil, manifest\u00f3 que se est\u00e1 trabajando para elevar los niveles de comercio bilateral y abordar las \u00e1reas de cooperaci\u00f3n a trav\u00e9s del intercambio de productos comerciales entre los dos pa\u00edses, adem\u00e1s de la cooperaci\u00f3n en el campo de la inversi\u00f3n.<\/p>\n<p style=\"text-align: justify;\">Asimismo, se debatieron los proyectos que ser\u00e1n ejecutados por las empresas iran\u00edes y otros proyectos conjuntos a nivel de gobierno y sector privado, y los mecanismos que ayudan a facilitar el intercambio de bienes y transacciones financieras entre ambas partes para contribuir a superar los obst\u00e1culos que enfrentan las empresas iran\u00edes y sirias.<\/p>\n<p style=\"text-align: justify;\">El ministro de Construcci\u00f3n de Carreteras y Desarrollo Urbano de Ir\u00e1n, Mohammad Islami, afirm\u00f3 que en el marco de la cooperaci\u00f3n econ\u00f3mica conjunta se tomaron decisiones y se desarrollaron programas para impulsar el comercio y la inversi\u00f3n, y tambi\u00e9n se acord\u00f3 crear el Comit\u00e9 Central de Reconstrucci\u00f3n de Siria.<\/p>\n<p style=\"text-align: justify;\">Seg\u00fan el Titular iran\u00ed, se tomaron durante la visita decisiones claras para activar el intercambio comercial y gestionar el tema del transporte que anteriormente era uno de los obst\u00e1culos ante el comercio.<\/p>\n<p style=\"text-align: justify;\">Tambi\u00e9n, se examinaron las oportunidades y posibilidades que pudieran aumentar las exportaciones sirias a Ir\u00e1n y se hizo un llamado a los empresarios para que conviertan oportunidades y potencialidades en pasos pr\u00e1cticos.<\/p>\n<p style=\"text-align: justify;\"><span style=\"color: #0000ff;\"><strong>ah\/fm<\/strong><\/span><\/p>\n","protected":false},"excerpt":{"rendered":"<p>Damasco, SANA El Foro Comercial y Econ\u00f3mico Sirio-iran\u00ed abord\u00f3 los ejes fundamentales de la cooperaci\u00f3n entre los dos pa\u00edses y las formas de superar las dificultades que enfrentan las relaciones comerciales y econ\u00f3micas comunes. Participaron en el evento, celebrado en el Hotel Dama Rose en Damasco, y organizado por la C\u00e1mara de Comercio Conjunta Sirio-iran\u00ed, &hellip;<\/p>\n","protected":false},"author":30,"featured_media":185514,"comment_status":"closed","ping_status":"closed","sticky":false,"template":"","format":"standard","meta":{"footnotes":""},"categories":[597,16686,485,467,7541],"tags":[19200],"class_list":["post-185513","post","type-post","status-publish","format-standard","has-post-thumbnail","","category-cinta-de-noticias","category-economia","category-informes-negocios-y-finanzas","category-siria-y-el-mundo","category-ultimas-noticias","tag-foro-sirio-irani-para-impulsar-el-intercambio-comercial-y-economico-entre-ambos-paises"],"_links":{"self":[{"href":"https:\/\/archive.sana.sy\/es\/index.php?rest_route=\/wp\/v2\/posts\/185513"}],"collection":[{"href":"https:\/\/archive.sana.sy\/es\/index.php?rest_route=\/wp\/v2\/posts"}],"about":[{"href":"https:\/\/archive.sana.sy\/es\/index.php?rest_route=\/wp\/v2\/types\/post"}],"author":[{"embeddable":true,"href":"https:\/\/archive.sana.sy\/es\/index.php?rest_route=\/wp\/v2\/users\/30"}],"replies":[{"embeddable":true,"href":"https:\/\/archive.sana.sy\/es\/index.php?rest_route=%2Fwp%2Fv2%2Fcomments&post=185513"}],"version-history":[{"count":0,"href":"https:\/\/archive.sana.sy\/es\/index.php?rest_route=\/wp\/v2\/posts\/185513\/revisions"}],"wp:featuredmedia":[{"embeddable":true,"href":"https:\/\/archive.sana.sy\/es\/index.php?rest_route=\/wp\/v2\/media\/185514"}],"wp:attachment":[{"href":"https:\/\/archive.sana.sy\/es\/index.php?rest_route=%2Fwp%2Fv2%2Fmedia&parent=185513"}],"wp:term":[{"taxonomy":"category","embeddable":true,"href":"https:\/\/archive.sana.sy\/es\/index.php?rest_route=%2Fwp%2Fv2%2Fcategories&post=185513"},{"taxonomy":"post_tag","embeddable":true,"href":"https:\/\/archive.sana.sy\/es\/index.php?rest_route=%2Fwp%2Fv2%2Ftags&post=185513"}],"curies":[{"name":"wp","href":"https:\/\/api.w.org\/{rel}","templated":true}]}}