{"id":185516,"date":"2021-06-18T11:00:43","date_gmt":"2021-06-18T08:00:43","guid":{"rendered":"http:\/\/107.6.182.27\/es\/?p=185516"},"modified":"2021-06-18T11:00:43","modified_gmt":"2021-06-18T08:00:43","slug":"porque-es-mi-pais-una-serie-evidencia-heroicidades-del-ejercito-sirio-y-firmeza-del-pueblo","status":"publish","type":"post","link":"https:\/\/archive.sana.sy\/es\/?p=185516","title":{"rendered":"\u201cPorque es mi pa\u00eds\u201d, una serie evidencia heroicidades del ej\u00e9rcito sirio y firmeza del pueblo"},"content":{"rendered":"<p style=\"text-align: justify;\"><span style=\"color: #800000;\"><strong>Damasco, SANA<\/strong><\/span><\/p>\n<p style=\"text-align: justify;\">El Ministro de Informaci\u00f3n, lmad Sara, describi\u00f3 la serie &#8220;porque es mi pa\u00eds&#8221; de una \u201cepopeya dram\u00e1tica\u201d que documenta los hero\u00edsmos de los militares sirios y la resiliencia del pueblo frente a la desinformaci\u00f3n y el terrorismo que enfrent\u00f3 el pa\u00eds durante diez a\u00f1os.<\/p>\n<p style=\"text-align: justify;\">\u201cEl eje que apadrina el terrorismo tergivers\u00f3 los conceptos y convirti\u00f3 al soldado que lucha por Siria y su territorio en un terrorista\u201d; mientras present\u00f3 como defensor de la humanidad al mercenario que vino a Siria procedente de Occidente y masacr\u00f3 a inocentes y destruy\u00f3 infraestructuras e instituciones\u201d, dijo Sarah en una declaraci\u00f3n a los periodistas al margen de una conferencia de prensa celebrada por los productores de la serie en la sede del Ministerio de Informaci\u00f3n.<\/p>\n<p style=\"text-align: justify;\">\u201cEsperamos poder arrojar luz e inmortalizar el hero\u00edsmo del Ej\u00e9rcito sirio porque por lo mucho que hagamos no lograremos devolverles a los soldados sirios una m\u00ednima parte de sus sacrificios\u201d, concluy\u00f3.<\/p>\n<p style=\"text-align: justify;\">La cinta es producci\u00f3n del Ministerio de Informaci\u00f3n de Siria, dirigida por el cineasta internacional Najdat Ismael Anzor y escrita por Mahmoud Abdul Karim.<\/p>\n<p style=\"text-align: justify;\"><strong><span style=\"color: #0000ff;\">ah\/fm<\/span><\/strong><\/p>\n","protected":false},"excerpt":{"rendered":"<p>Damasco, SANA El Ministro de Informaci\u00f3n, lmad Sara, describi\u00f3 la serie &#8220;porque es mi pa\u00eds&#8221; de una \u201cepopeya dram\u00e1tica\u201d que documenta los hero\u00edsmos de los militares sirios y la resiliencia del pueblo frente a la desinformaci\u00f3n y el terrorismo que enfrent\u00f3 el pa\u00eds durante diez a\u00f1os. \u201cEl eje que apadrina el terrorismo tergivers\u00f3 los conceptos &hellip;<\/p>\n","protected":false},"author":30,"featured_media":185517,"comment_status":"closed","ping_status":"closed","sticky":false,"template":"","format":"standard","meta":{"footnotes":""},"categories":[597,476,7541],"tags":[19201,19202],"class_list":["post-185516","post","type-post","status-publish","format-standard","has-post-thumbnail","","category-cinta-de-noticias","category-locales","category-ultimas-noticias","tag-porque-es-mi-pais","tag-una-serie-evidencia-heroicidades-del-ejercito-sirio-y-firmeza-del-pueblo"],"_links":{"self":[{"href":"https:\/\/archive.sana.sy\/es\/index.php?rest_route=\/wp\/v2\/posts\/185516"}],"collection":[{"href":"https:\/\/archive.sana.sy\/es\/index.php?rest_route=\/wp\/v2\/posts"}],"about":[{"href":"https:\/\/archive.sana.sy\/es\/index.php?rest_route=\/wp\/v2\/types\/post"}],"author":[{"embeddable":true,"href":"https:\/\/archive.sana.sy\/es\/index.php?rest_route=\/wp\/v2\/users\/30"}],"replies":[{"embeddable":true,"href":"https:\/\/archive.sana.sy\/es\/index.php?rest_route=%2Fwp%2Fv2%2Fcomments&post=185516"}],"version-history":[{"count":0,"href":"https:\/\/archive.sana.sy\/es\/index.php?rest_route=\/wp\/v2\/posts\/185516\/revisions"}],"wp:featuredmedia":[{"embeddable":true,"href":"https:\/\/archive.sana.sy\/es\/index.php?rest_route=\/wp\/v2\/media\/185517"}],"wp:attachment":[{"href":"https:\/\/archive.sana.sy\/es\/index.php?rest_route=%2Fwp%2Fv2%2Fmedia&parent=185516"}],"wp:term":[{"taxonomy":"category","embeddable":true,"href":"https:\/\/archive.sana.sy\/es\/index.php?rest_route=%2Fwp%2Fv2%2Fcategories&post=185516"},{"taxonomy":"post_tag","embeddable":true,"href":"https:\/\/archive.sana.sy\/es\/index.php?rest_route=%2Fwp%2Fv2%2Ftags&post=185516"}],"curies":[{"name":"wp","href":"https:\/\/api.w.org\/{rel}","templated":true}]}}