{"id":185519,"date":"2021-06-18T11:13:07","date_gmt":"2021-06-18T08:13:07","guid":{"rendered":"http:\/\/107.6.182.27\/es\/?p=185519"},"modified":"2021-06-19T12:12:39","modified_gmt":"2021-06-19T09:12:39","slug":"los-iranies-votan-hoy-por-su-futuro-presidente","status":"publish","type":"post","link":"https:\/\/archive.sana.sy\/es\/?p=185519","title":{"rendered":"Los iran\u00edes votan hoy por su futuro presidente"},"content":{"rendered":"<p style=\"background: white; text-align: justify;\"><span style=\"color: #800000;\"><strong><span style=\"font-family: Arial, sans-serif;\">Teher\u00e1n, SANA<\/span><\/strong><\/span><\/p>\n<p style=\"background: white; text-align: justify;\"><span style=\"font-family: 'Arial',sans-serif; color: black;\">El ministro del Interior iran\u00ed, Abdorrez\u00e1 Rahman\u00ed Fazl\u00ed, anunci\u00f3 el comienzo de las elecciones presidenciales en su pa\u00eds, en las que casi 60 millones de iran\u00edes est\u00e1n convocados a elegir su nuevo presidente.<img loading=\"lazy\" decoding=\"async\" class=\"size-medium wp-image-185521 alignright\" src=\"http:\/\/107.6.182.27\/es\/wp-content\/uploads\/2021\/06\/6666-7-300x170.jpg\" alt=\"\" width=\"300\" height=\"170\" srcset=\"https:\/\/archive.sana.sy\/es\/wp-content\/uploads\/2021\/06\/6666-7-300x170.jpg 300w, https:\/\/archive.sana.sy\/es\/wp-content\/uploads\/2021\/06\/6666-7-150x85.jpg 150w, https:\/\/archive.sana.sy\/es\/wp-content\/uploads\/2021\/06\/6666-7.jpg 660w\" sizes=\"(max-width: 300px) 100vw, 300px\" \/><\/span><\/p>\n<p style=\"background: white; text-align: justify;\"><span style=\"font-family: 'Arial',sans-serif; color: black;\">Los 66,800 colegios electorales abrieron sus puertas ante los votantes para participar en esos comicios en los que compiten cuatro candidatos y son: Ibrahim Raisi, Mohsen Rezaei, Abdel Nasser Hemmati y Amir Hossein Qazizadeh Hashemi.<\/span><\/p>\n<p style=\"background: white; margin: 0in 0in 15pt; text-align: justify;\"><span style=\"font-family: 'Arial',sans-serif; color: black;\">Mientras tanto, el l\u00edder de la Revoluci\u00f3n Isl\u00e1mica en Ir\u00e1n, el Ayatol\u00e1 Seyyed Ali Khamenei, destac\u00f3 la necesidad de participar ampliamente en esta cita electoral.<\/span><\/p>\n<div id='gallery-1' class='gallery galleryid-185519 gallery-columns-1 gallery-size-full'><figure class='gallery-item'>\n\t\t\t<div class='gallery-icon landscape'>\n\t\t\t\t<a href='https:\/\/archive.sana.sy\/es\/?attachment_id=185522'><img loading=\"lazy\" decoding=\"async\" width=\"2560\" height=\"1632\" src=\"https:\/\/archive.sana.sy\/es\/wp-content\/uploads\/2021\/06\/photo_2021-06-18_06-45-06-scaled.jpg\" class=\"attachment-full size-full\" alt=\"\" srcset=\"https:\/\/archive.sana.sy\/es\/wp-content\/uploads\/2021\/06\/photo_2021-06-18_06-45-06-scaled.jpg 2560w, https:\/\/archive.sana.sy\/es\/wp-content\/uploads\/2021\/06\/photo_2021-06-18_06-45-06-300x191.jpg 300w, https:\/\/archive.sana.sy\/es\/wp-content\/uploads\/2021\/06\/photo_2021-06-18_06-45-06-1024x653.jpg 1024w, https:\/\/archive.sana.sy\/es\/wp-content\/uploads\/2021\/06\/photo_2021-06-18_06-45-06-150x96.jpg 150w, https:\/\/archive.sana.sy\/es\/wp-content\/uploads\/2021\/06\/photo_2021-06-18_06-45-06-768x489.jpg 768w, https:\/\/archive.sana.sy\/es\/wp-content\/uploads\/2021\/06\/photo_2021-06-18_06-45-06-1536x979.jpg 1536w, https:\/\/archive.sana.sy\/es\/wp-content\/uploads\/2021\/06\/photo_2021-06-18_06-45-06-2048x1305.jpg 2048w\" sizes=\"(max-width: 2560px) 100vw, 2560px\" \/><\/a>\n\t\t\t<\/div><\/figure><figure class='gallery-item'>\n\t\t\t<div class='gallery-icon landscape'>\n\t\t\t\t<a href='https:\/\/archive.sana.sy\/es\/?attachment_id=185523'><img loading=\"lazy\" decoding=\"async\" width=\"2560\" height=\"1451\" src=\"https:\/\/archive.sana.sy\/es\/wp-content\/uploads\/2021\/06\/photo_2021-06-18_09-07-00-scaled.jpg\" class=\"attachment-full size-full\" alt=\"\" srcset=\"https:\/\/archive.sana.sy\/es\/wp-content\/uploads\/2021\/06\/photo_2021-06-18_09-07-00-scaled.jpg 2560w, https:\/\/archive.sana.sy\/es\/wp-content\/uploads\/2021\/06\/photo_2021-06-18_09-07-00-300x170.jpg 300w, https:\/\/archive.sana.sy\/es\/wp-content\/uploads\/2021\/06\/photo_2021-06-18_09-07-00-1024x580.jpg 1024w, https:\/\/archive.sana.sy\/es\/wp-content\/uploads\/2021\/06\/photo_2021-06-18_09-07-00-150x85.jpg 150w, https:\/\/archive.sana.sy\/es\/wp-content\/uploads\/2021\/06\/photo_2021-06-18_09-07-00-768x435.jpg 768w, https:\/\/archive.sana.sy\/es\/wp-content\/uploads\/2021\/06\/photo_2021-06-18_09-07-00-1536x871.jpg 1536w, https:\/\/archive.sana.sy\/es\/wp-content\/uploads\/2021\/06\/photo_2021-06-18_09-07-00-2048x1161.jpg 2048w\" sizes=\"(max-width: 2560px) 100vw, 2560px\" \/><\/a>\n\t\t\t<\/div><\/figure><figure class='gallery-item'>\n\t\t\t<div class='gallery-icon landscape'>\n\t\t\t\t<a href='https:\/\/archive.sana.sy\/es\/?attachment_id=185524'><img loading=\"lazy\" decoding=\"async\" width=\"2560\" height=\"1451\" src=\"https:\/\/archive.sana.sy\/es\/wp-content\/uploads\/2021\/06\/photo_2021-06-18_09-07-06-scaled.jpg\" class=\"attachment-full size-full\" alt=\"\" srcset=\"https:\/\/archive.sana.sy\/es\/wp-content\/uploads\/2021\/06\/photo_2021-06-18_09-07-06-scaled.jpg 2560w, https:\/\/archive.sana.sy\/es\/wp-content\/uploads\/2021\/06\/photo_2021-06-18_09-07-06-300x170.jpg 300w, https:\/\/archive.sana.sy\/es\/wp-content\/uploads\/2021\/06\/photo_2021-06-18_09-07-06-1024x580.jpg 1024w, https:\/\/archive.sana.sy\/es\/wp-content\/uploads\/2021\/06\/photo_2021-06-18_09-07-06-150x85.jpg 150w, https:\/\/archive.sana.sy\/es\/wp-content\/uploads\/2021\/06\/photo_2021-06-18_09-07-06-768x435.jpg 768w, https:\/\/archive.sana.sy\/es\/wp-content\/uploads\/2021\/06\/photo_2021-06-18_09-07-06-1536x871.jpg 1536w, https:\/\/archive.sana.sy\/es\/wp-content\/uploads\/2021\/06\/photo_2021-06-18_09-07-06-2048x1161.jpg 2048w\" sizes=\"(max-width: 2560px) 100vw, 2560px\" \/><\/a>\n\t\t\t<\/div><\/figure>\n\t\t<\/div>\n\n<p style=\"text-align: justify;\"><span style=\"color: #0000ff;\"><strong>sm\/fm<\/strong><\/span><\/p>\n","protected":false},"excerpt":{"rendered":"<p>Teher\u00e1n, SANA El ministro del Interior iran\u00ed, Abdorrez\u00e1 Rahman\u00ed Fazl\u00ed, anunci\u00f3 el comienzo de las elecciones presidenciales en su pa\u00eds, en las que casi 60 millones de iran\u00edes est\u00e1n convocados a elegir su nuevo presidente. Los 66,800 colegios electorales abrieron sus puertas ante los votantes para participar en esos comicios en los que compiten cuatro &hellip;<\/p>\n","protected":false},"author":39,"featured_media":185520,"comment_status":"closed","ping_status":"closed","sticky":false,"template":"","format":"standard","meta":{"footnotes":""},"categories":[597,456,7541],"tags":[],"class_list":["post-185519","post","type-post","status-publish","format-standard","has-post-thumbnail","","category-cinta-de-noticias","category-arabe-internacional-politica","category-ultimas-noticias"],"_links":{"self":[{"href":"https:\/\/archive.sana.sy\/es\/index.php?rest_route=\/wp\/v2\/posts\/185519"}],"collection":[{"href":"https:\/\/archive.sana.sy\/es\/index.php?rest_route=\/wp\/v2\/posts"}],"about":[{"href":"https:\/\/archive.sana.sy\/es\/index.php?rest_route=\/wp\/v2\/types\/post"}],"author":[{"embeddable":true,"href":"https:\/\/archive.sana.sy\/es\/index.php?rest_route=\/wp\/v2\/users\/39"}],"replies":[{"embeddable":true,"href":"https:\/\/archive.sana.sy\/es\/index.php?rest_route=%2Fwp%2Fv2%2Fcomments&post=185519"}],"version-history":[{"count":0,"href":"https:\/\/archive.sana.sy\/es\/index.php?rest_route=\/wp\/v2\/posts\/185519\/revisions"}],"wp:featuredmedia":[{"embeddable":true,"href":"https:\/\/archive.sana.sy\/es\/index.php?rest_route=\/wp\/v2\/media\/185520"}],"wp:attachment":[{"href":"https:\/\/archive.sana.sy\/es\/index.php?rest_route=%2Fwp%2Fv2%2Fmedia&parent=185519"}],"wp:term":[{"taxonomy":"category","embeddable":true,"href":"https:\/\/archive.sana.sy\/es\/index.php?rest_route=%2Fwp%2Fv2%2Fcategories&post=185519"},{"taxonomy":"post_tag","embeddable":true,"href":"https:\/\/archive.sana.sy\/es\/index.php?rest_route=%2Fwp%2Fv2%2Ftags&post=185519"}],"curies":[{"name":"wp","href":"https:\/\/api.w.org\/{rel}","templated":true}]}}