{"id":185611,"date":"2021-06-18T19:08:11","date_gmt":"2021-06-18T16:08:11","guid":{"rendered":"http:\/\/107.6.182.27\/es\/?p=185611"},"modified":"2021-06-18T19:08:11","modified_gmt":"2021-06-18T16:08:11","slug":"controlan-incendio-en-campos-de-trigo-en-la-provincia-de-darra","status":"publish","type":"post","link":"https:\/\/archive.sana.sy\/es\/?p=185611","title":{"rendered":"Controlan incendio en campos de trigo en la provincia de Darra"},"content":{"rendered":"<p><span style=\"color: #800000;\">Darra, SANA<\/span><\/p>\n<p style=\"text-align: justify;\">El cuerpo de bomberos de la gobernaci\u00f3n de Deraa, en cooperaci\u00f3n con la poblaci\u00f3n local, ha logrado este viernes extinguir \u00a0un incendio que se desat\u00f3 en los campos de trigo de la ciudad de Sheikh Miskin,\u00a0 en las afuersa de la provincia sure\u00f1a de\u00a0 Daraa.<\/p>\n<p style=\"text-align: justify;\">El jefe del Departamento Forestal de la Direcci\u00f3n de Agricultura de Daraa, Ing. Jamil Al-Abdullah, explic\u00f3 en declaraciones \u00a0al reportero de SANA que el incendio afect\u00f3 un \u00e1rea de cinco dunums sembrados con trigo y fue controlado antes de expandirse hacia los\u00a0 vecinos \u00a0campos.<\/p>\n<p style=\"text-align: justify;\">Al-Abdullah inst\u00f3 a los ciudadanos a tener cuidado y arar las l\u00edneas de seguridad, especialmente cerca de las calles y carreteras principales, para evitar la propagaci\u00f3n de incendios a los cultivos agr\u00edcolas.<\/p>\n<div id='gallery-1' class='gallery galleryid-185611 gallery-columns-1 gallery-size-full'><figure class='gallery-item'>\n\t\t\t<div class='gallery-icon landscape'>\n\t\t\t\t<a href='https:\/\/archive.sana.sy\/es\/?attachment_id=185613'><img loading=\"lazy\" decoding=\"async\" width=\"660\" height=\"423\" src=\"https:\/\/archive.sana.sy\/es\/wp-content\/uploads\/2021\/06\/74-2.jpg\" class=\"attachment-full size-full\" alt=\"\" srcset=\"https:\/\/archive.sana.sy\/es\/wp-content\/uploads\/2021\/06\/74-2.jpg 660w, https:\/\/archive.sana.sy\/es\/wp-content\/uploads\/2021\/06\/74-2-300x192.jpg 300w, https:\/\/archive.sana.sy\/es\/wp-content\/uploads\/2021\/06\/74-2-150x96.jpg 150w\" sizes=\"(max-width: 660px) 100vw, 660px\" \/><\/a>\n\t\t\t<\/div><\/figure><figure class='gallery-item'>\n\t\t\t<div class='gallery-icon landscape'>\n\t\t\t\t<a href='https:\/\/archive.sana.sy\/es\/?attachment_id=185614'><img loading=\"lazy\" decoding=\"async\" width=\"660\" height=\"401\" src=\"https:\/\/archive.sana.sy\/es\/wp-content\/uploads\/2021\/06\/75-1.jpg\" class=\"attachment-full size-full\" alt=\"\" srcset=\"https:\/\/archive.sana.sy\/es\/wp-content\/uploads\/2021\/06\/75-1.jpg 660w, https:\/\/archive.sana.sy\/es\/wp-content\/uploads\/2021\/06\/75-1-300x182.jpg 300w, https:\/\/archive.sana.sy\/es\/wp-content\/uploads\/2021\/06\/75-1-150x91.jpg 150w\" sizes=\"(max-width: 660px) 100vw, 660px\" \/><\/a>\n\t\t\t<\/div><\/figure>\n\t\t<\/div>\n\n<p><em>mm<\/em><\/p>\n","protected":false},"excerpt":{"rendered":"<p>Darra, SANA El cuerpo de bomberos de la gobernaci\u00f3n de Deraa, en cooperaci\u00f3n con la poblaci\u00f3n local, ha logrado este viernes extinguir \u00a0un incendio que se desat\u00f3 en los campos de trigo de la ciudad de Sheikh Miskin,\u00a0 en las afuersa de la provincia sure\u00f1a de\u00a0 Daraa. El jefe del Departamento Forestal de la Direcci\u00f3n &hellip;<\/p>\n","protected":false},"author":36,"featured_media":185612,"comment_status":"closed","ping_status":"closed","sticky":false,"template":"","format":"standard","meta":{"footnotes":""},"categories":[597,476],"tags":[],"class_list":["post-185611","post","type-post","status-publish","format-standard","has-post-thumbnail","","category-cinta-de-noticias","category-locales"],"_links":{"self":[{"href":"https:\/\/archive.sana.sy\/es\/index.php?rest_route=\/wp\/v2\/posts\/185611"}],"collection":[{"href":"https:\/\/archive.sana.sy\/es\/index.php?rest_route=\/wp\/v2\/posts"}],"about":[{"href":"https:\/\/archive.sana.sy\/es\/index.php?rest_route=\/wp\/v2\/types\/post"}],"author":[{"embeddable":true,"href":"https:\/\/archive.sana.sy\/es\/index.php?rest_route=\/wp\/v2\/users\/36"}],"replies":[{"embeddable":true,"href":"https:\/\/archive.sana.sy\/es\/index.php?rest_route=%2Fwp%2Fv2%2Fcomments&post=185611"}],"version-history":[{"count":0,"href":"https:\/\/archive.sana.sy\/es\/index.php?rest_route=\/wp\/v2\/posts\/185611\/revisions"}],"wp:featuredmedia":[{"embeddable":true,"href":"https:\/\/archive.sana.sy\/es\/index.php?rest_route=\/wp\/v2\/media\/185612"}],"wp:attachment":[{"href":"https:\/\/archive.sana.sy\/es\/index.php?rest_route=%2Fwp%2Fv2%2Fmedia&parent=185611"}],"wp:term":[{"taxonomy":"category","embeddable":true,"href":"https:\/\/archive.sana.sy\/es\/index.php?rest_route=%2Fwp%2Fv2%2Fcategories&post=185611"},{"taxonomy":"post_tag","embeddable":true,"href":"https:\/\/archive.sana.sy\/es\/index.php?rest_route=%2Fwp%2Fv2%2Ftags&post=185611"}],"curies":[{"name":"wp","href":"https:\/\/api.w.org\/{rel}","templated":true}]}}