{"id":185707,"date":"2021-06-19T15:17:50","date_gmt":"2021-06-19T12:17:50","guid":{"rendered":"http:\/\/107.6.182.27\/es\/?p=185707"},"modified":"2021-06-19T15:17:58","modified_gmt":"2021-06-19T12:17:58","slug":"ocupante-turco-ataca-dos-localidades-al-norte-de-alepo","status":"publish","type":"post","link":"https:\/\/archive.sana.sy\/es\/?p=185707","title":{"rendered":"Ocupante turco ataca dos localidades al norte de Alepo"},"content":{"rendered":"<p style=\"text-align: justify;\"><span style=\"color: #800000;\"><strong>Alepo, SANA<\/strong><\/span><\/p>\n<p style=\"text-align: justify;\">Las fuerzas de ocupaci\u00f3n turcas y sus mercenarios continuaron sus ataques contra las aldeas y pueblos de la campi\u00f1a norte\u00f1a de Alepo.<\/p>\n<p style=\"text-align: justify;\">Fuentes locales informaron a SANA que la ocupaci\u00f3n turca y sus agrupaciones clientelistas agredieron hoy con proyectiles la aldea de Maraanaz y la ciudad de Tal Rafaat en el campo norte\u00f1o de Alepo causando da\u00f1os materiales en las propiedades de los lugare\u00f1os y sus cultivos.<\/p>\n<p style=\"text-align: justify;\">Varios incendios se desataron en amplias zonas de los campos de trigo y cebada en las inmediaciones de Tal Rafaat el 8 de este mes debido a los ataques deliberados del ocupante turco y sus mercenarios.<\/p>\n<p style=\"text-align: justify;\"><span style=\"color: #0000ff;\"><strong>ah\/rsh<\/strong><\/span><\/p>\n","protected":false},"excerpt":{"rendered":"<p>Alepo, SANA Las fuerzas de ocupaci\u00f3n turcas y sus mercenarios continuaron sus ataques contra las aldeas y pueblos de la campi\u00f1a norte\u00f1a de Alepo. Fuentes locales informaron a SANA que la ocupaci\u00f3n turca y sus agrupaciones clientelistas agredieron hoy con proyectiles la aldea de Maraanaz y la ciudad de Tal Rafaat en el campo norte\u00f1o &hellip;<\/p>\n","protected":false},"author":30,"featured_media":185708,"comment_status":"closed","ping_status":"closed","sticky":false,"template":"","format":"standard","meta":{"footnotes":""},"categories":[477,597,573,7541],"tags":[19203],"class_list":["post-185707","post","type-post","status-publish","format-standard","has-post-thumbnail","","category-noticias-edulcorantes","category-cinta-de-noticias","category-la-realidad-de-los-acontecimientos-en-siria","category-ultimas-noticias","tag-ocupante-turco-ataca-dos-localidades-al-norte-de-alepo"],"_links":{"self":[{"href":"https:\/\/archive.sana.sy\/es\/index.php?rest_route=\/wp\/v2\/posts\/185707"}],"collection":[{"href":"https:\/\/archive.sana.sy\/es\/index.php?rest_route=\/wp\/v2\/posts"}],"about":[{"href":"https:\/\/archive.sana.sy\/es\/index.php?rest_route=\/wp\/v2\/types\/post"}],"author":[{"embeddable":true,"href":"https:\/\/archive.sana.sy\/es\/index.php?rest_route=\/wp\/v2\/users\/30"}],"replies":[{"embeddable":true,"href":"https:\/\/archive.sana.sy\/es\/index.php?rest_route=%2Fwp%2Fv2%2Fcomments&post=185707"}],"version-history":[{"count":0,"href":"https:\/\/archive.sana.sy\/es\/index.php?rest_route=\/wp\/v2\/posts\/185707\/revisions"}],"wp:featuredmedia":[{"embeddable":true,"href":"https:\/\/archive.sana.sy\/es\/index.php?rest_route=\/wp\/v2\/media\/185708"}],"wp:attachment":[{"href":"https:\/\/archive.sana.sy\/es\/index.php?rest_route=%2Fwp%2Fv2%2Fmedia&parent=185707"}],"wp:term":[{"taxonomy":"category","embeddable":true,"href":"https:\/\/archive.sana.sy\/es\/index.php?rest_route=%2Fwp%2Fv2%2Fcategories&post=185707"},{"taxonomy":"post_tag","embeddable":true,"href":"https:\/\/archive.sana.sy\/es\/index.php?rest_route=%2Fwp%2Fv2%2Ftags&post=185707"}],"curies":[{"name":"wp","href":"https:\/\/api.w.org\/{rel}","templated":true}]}}