{"id":185711,"date":"2021-06-19T15:20:39","date_gmt":"2021-06-19T12:20:39","guid":{"rendered":"http:\/\/107.6.182.27\/es\/?p=185711"},"modified":"2021-06-19T15:20:39","modified_gmt":"2021-06-19T12:20:39","slug":"muere-miliciano-de-fds-y-otros-resultan-heridos-en-deir-ezzor","status":"publish","type":"post","link":"https:\/\/archive.sana.sy\/es\/?p=185711","title":{"rendered":"Muere miliciano de FDS y otros resultan heridos en Deir Ezzor"},"content":{"rendered":"<p style=\"text-align: justify;\"><span style=\"color: #800000;\">Deir Ezzor, SANA<\/span><\/p>\n<p style=\"text-align: justify;\">Un integrante de la milicia proestadounidense FDS perdi\u00f3 la vida y otros tres resultaron heridos en un ataque contra su veh\u00edculo llevado a cabo por facciones populares en la campi\u00f1a oriental de la provincia de Deir Ezzor.<\/p>\n<p style=\"text-align: justify;\">Activistas locales informaron a SANA que un artefacto explosivo estall\u00f3 contra un veh\u00edculo que transportaba a milicianos en el poblado de Muhaimida en Deir Ezzor, lo cual provoc\u00f3 la muerte de un miembro, la lesi\u00f3n de otros tres y la destrucci\u00f3n del veh\u00edculo.<\/p>\n<p style=\"text-align: justify;\">Los ataques contra FDS contin\u00faan en las zonas bajo su control en la regi\u00f3n siria de Al-Yazira en respuesta a las agresiones de la milicia contra los civiles.<\/p>\n<p style=\"text-align: justify;\"><span style=\"color: #0000ff;\"><strong>sm\/rsh<\/strong><\/span><\/p>\n","protected":false},"excerpt":{"rendered":"<p>Deir Ezzor, SANA Un integrante de la milicia proestadounidense FDS perdi\u00f3 la vida y otros tres resultaron heridos en un ataque contra su veh\u00edculo llevado a cabo por facciones populares en la campi\u00f1a oriental de la provincia de Deir Ezzor. Activistas locales informaron a SANA que un artefacto explosivo estall\u00f3 contra un veh\u00edculo que transportaba &hellip;<\/p>\n","protected":false},"author":30,"featured_media":185713,"comment_status":"closed","ping_status":"closed","sticky":false,"template":"","format":"standard","meta":{"footnotes":""},"categories":[597,573,7541],"tags":[19204],"class_list":["post-185711","post","type-post","status-publish","format-standard","has-post-thumbnail","","category-cinta-de-noticias","category-la-realidad-de-los-acontecimientos-en-siria","category-ultimas-noticias","tag-muere-miliciano-de-fds-y-otros-resultan-heridos-en-deir-ezzor"],"_links":{"self":[{"href":"https:\/\/archive.sana.sy\/es\/index.php?rest_route=\/wp\/v2\/posts\/185711"}],"collection":[{"href":"https:\/\/archive.sana.sy\/es\/index.php?rest_route=\/wp\/v2\/posts"}],"about":[{"href":"https:\/\/archive.sana.sy\/es\/index.php?rest_route=\/wp\/v2\/types\/post"}],"author":[{"embeddable":true,"href":"https:\/\/archive.sana.sy\/es\/index.php?rest_route=\/wp\/v2\/users\/30"}],"replies":[{"embeddable":true,"href":"https:\/\/archive.sana.sy\/es\/index.php?rest_route=%2Fwp%2Fv2%2Fcomments&post=185711"}],"version-history":[{"count":0,"href":"https:\/\/archive.sana.sy\/es\/index.php?rest_route=\/wp\/v2\/posts\/185711\/revisions"}],"wp:featuredmedia":[{"embeddable":true,"href":"https:\/\/archive.sana.sy\/es\/index.php?rest_route=\/wp\/v2\/media\/185713"}],"wp:attachment":[{"href":"https:\/\/archive.sana.sy\/es\/index.php?rest_route=%2Fwp%2Fv2%2Fmedia&parent=185711"}],"wp:term":[{"taxonomy":"category","embeddable":true,"href":"https:\/\/archive.sana.sy\/es\/index.php?rest_route=%2Fwp%2Fv2%2Fcategories&post=185711"},{"taxonomy":"post_tag","embeddable":true,"href":"https:\/\/archive.sana.sy\/es\/index.php?rest_route=%2Fwp%2Fv2%2Ftags&post=185711"}],"curies":[{"name":"wp","href":"https:\/\/api.w.org\/{rel}","templated":true}]}}