{"id":185722,"date":"2021-06-19T15:36:09","date_gmt":"2021-06-19T12:36:09","guid":{"rendered":"http:\/\/107.6.182.27\/es\/?p=185722"},"modified":"2021-06-19T15:36:09","modified_gmt":"2021-06-19T12:36:09","slug":"presidente-al-assad-felicita-al-electo-presidente-irani-ibrahim-raisi","status":"publish","type":"post","link":"https:\/\/archive.sana.sy\/es\/?p=185722","title":{"rendered":"Presidente Al-Assad felicita al electo presidente iran\u00ed Ibrahim Raisi"},"content":{"rendered":"<p style=\"text-align: justify;\"><span style=\"color: #800000;\"><strong>Damasco, SANA<\/strong><\/span><\/p>\n<p style=\"text-align: justify;\">El presidente Bashar al-Assad envi\u00f3 hoy un mensaje de felicitaci\u00f3n al presidente electo iran\u00ed Ibrahim Raisi por su victoria en las elecciones presidenciales de Ir\u00e1n.<\/p>\n<p style=\"text-align: justify;\">&#8220;Es un placer ofrecerle, en nombre del pueblo \u00e1rabe sirio, mis m\u00e1s c\u00e1lidas felicitaciones por su victoria en las elecciones presidenciales y por haberse ganado la confianza del pueblo iran\u00ed\u201d, dijo el Presidente Al-Assad en su telegrama.<\/p>\n<p style=\"text-align: justify;\">El texto de la misiva agreg\u00f3 \u201cQue el Dios Todopoderoso le ayude a tener \u00e9xito en sus nuevas responsabilidades y en completar el enfoque de la Revoluci\u00f3n Isl\u00e1mica al dirigir a su pa\u00eds hacia una mayor prosperidad y progreso en todos los campos por el bien del pueblo iran\u00ed que resiste y enfrenta a todos los planes y presiones encaminados a quebrantar su voluntad y despojarlo de su decisi\u00f3n independiente\u201d.<\/p>\n<p style=\"text-align: justify;\">&#8220;Aprovecho esta oportunidad para expresar nuestro inter\u00e9s y determinaci\u00f3n en trabajar con usted para fortalecer las relaciones bilaterales basadas en decenios de amistad hist\u00f3rica, entendimiento mutuo e intereses comunes entre la Rep\u00fablica \u00c1rabe Siria y la Rep\u00fablica Isl\u00e1mica de Ir\u00e1n&#8221;, concluy\u00f3.<\/p>\n<p style=\"text-align: justify;\"><span style=\"color: #0000ff;\"><strong>ah\/rsh<\/strong><\/span><\/p>\n","protected":false},"excerpt":{"rendered":"<p>Damasco, SANA El presidente Bashar al-Assad envi\u00f3 hoy un mensaje de felicitaci\u00f3n al presidente electo iran\u00ed Ibrahim Raisi por su victoria en las elecciones presidenciales de Ir\u00e1n. &#8220;Es un placer ofrecerle, en nombre del pueblo \u00e1rabe sirio, mis m\u00e1s c\u00e1lidas felicitaciones por su victoria en las elecciones presidenciales y por haberse ganado la confianza del &hellip;<\/p>\n","protected":false},"author":30,"featured_media":185723,"comment_status":"closed","ping_status":"closed","sticky":false,"template":"","format":"standard","meta":{"footnotes":""},"categories":[597,16237,467,583],"tags":[19205],"class_list":["post-185722","post","type-post","status-publish","format-standard","has-post-thumbnail","","category-cinta-de-noticias","category-presidence-de-la-republique-arabe-syria","category-siria-y-el-mundo","category-slide","tag-presidente-al-assad-felicita-al-electo-presidente-irani-ibrahim-raisi"],"_links":{"self":[{"href":"https:\/\/archive.sana.sy\/es\/index.php?rest_route=\/wp\/v2\/posts\/185722"}],"collection":[{"href":"https:\/\/archive.sana.sy\/es\/index.php?rest_route=\/wp\/v2\/posts"}],"about":[{"href":"https:\/\/archive.sana.sy\/es\/index.php?rest_route=\/wp\/v2\/types\/post"}],"author":[{"embeddable":true,"href":"https:\/\/archive.sana.sy\/es\/index.php?rest_route=\/wp\/v2\/users\/30"}],"replies":[{"embeddable":true,"href":"https:\/\/archive.sana.sy\/es\/index.php?rest_route=%2Fwp%2Fv2%2Fcomments&post=185722"}],"version-history":[{"count":0,"href":"https:\/\/archive.sana.sy\/es\/index.php?rest_route=\/wp\/v2\/posts\/185722\/revisions"}],"wp:featuredmedia":[{"embeddable":true,"href":"https:\/\/archive.sana.sy\/es\/index.php?rest_route=\/wp\/v2\/media\/185723"}],"wp:attachment":[{"href":"https:\/\/archive.sana.sy\/es\/index.php?rest_route=%2Fwp%2Fv2%2Fmedia&parent=185722"}],"wp:term":[{"taxonomy":"category","embeddable":true,"href":"https:\/\/archive.sana.sy\/es\/index.php?rest_route=%2Fwp%2Fv2%2Fcategories&post=185722"},{"taxonomy":"post_tag","embeddable":true,"href":"https:\/\/archive.sana.sy\/es\/index.php?rest_route=%2Fwp%2Fv2%2Ftags&post=185722"}],"curies":[{"name":"wp","href":"https:\/\/api.w.org\/{rel}","templated":true}]}}