{"id":185725,"date":"2021-06-19T15:59:26","date_gmt":"2021-06-19T12:59:26","guid":{"rendered":"http:\/\/107.6.182.27\/es\/?p=185725"},"modified":"2021-06-19T18:53:29","modified_gmt":"2021-06-19T15:53:29","slug":"conversaciones-sirio-iraquies-sobre-el-medio-ambiente","status":"publish","type":"post","link":"https:\/\/archive.sana.sy\/es\/?p=185725","title":{"rendered":"Conversaciones sirio-iraqu\u00edes sobre el medio ambiente"},"content":{"rendered":"<p style=\"text-align: justify;\"><span style=\"color: #800000;\"><strong>Damasco, SANA<\/strong><\/span><\/p>\n<p style=\"text-align: justify;\">El Ministro de Administraci\u00f3n Local y Medio Ambiente, Hussein Makhlouf, examin\u00f3 con el Ministro de Agricultura iraqu\u00ed Mohammed Karim Al-Khafaji las formas de desarrollar las relaciones y la acci\u00f3n conjunta en el campo del trabajo ambiental para encontrar soluciones a la desertificaci\u00f3n y hacer frente a los efectos del cambio clim\u00e1tico, en cooperaci\u00f3n con el Centro \u00c1rabe de Estudios de Zonas Secas y Tierras \u00c1ridas (ACSAD).<\/p>\n<p style=\"text-align: justify;\">Al t\u00e9rmino de la reuni\u00f3n, Makhlouf dijo a los periodistas que se acord\u00f3 intercambiar experiencias en el campo de la protecci\u00f3n del medio ambiente, la reducci\u00f3n de la contaminaci\u00f3n y la desertificaci\u00f3n, as\u00ed como activar el acuerdo firmado con la parte iraqu\u00ed en funci\u00f3n del sector agr\u00edcola.<\/p>\n<p style=\"text-align: justify;\">Se\u00f1al\u00f3 que la cooperaci\u00f3n en este \u00e1mbito surge del hecho de que los dos pa\u00edses enfrentan las mismas pr\u00e1cticas por parte del r\u00e9gimen turco, quien corta el agua a la poblaci\u00f3n de Hasakeh y construye ilegalmente represas en los r\u00edos \u00c9ufrates y Tigris.<\/p>\n<p style=\"text-align: justify;\">Makhlouf estim\u00f3 necesaria la complementariedad en el trabajo entre Siria e Irak, en la b\u00fasqueda de soluciones comunes para abordar el problema de las dunas de arena y fortalecer el trabajo relacionado a la protecci\u00f3n del medio ambiente.<\/p>\n<p style=\"text-align: justify;\">En una declaraci\u00f3n similar, el Ministro Al-Khafaji dijo que Irak est\u00e1 interesado en conocer los proyectos ecol\u00f3gicos llevados a cabo en Siria y el aporte de las unidades administrativas a los mismos.<\/p>\n<p style=\"text-align: justify;\">Expres\u00f3 la esperanza de que sean alcanzados mecanismos de trabajo para abordar la escasez de agua con el fin de preservar las \u00e1reas cultivables y reducir su degradaci\u00f3n.<\/p>\n<p style=\"text-align: justify;\"><span style=\"color: #0000ff;\"><strong>ah\/rsh<\/strong><\/span><\/p>\n","protected":false},"excerpt":{"rendered":"<p>Damasco, SANA El Ministro de Administraci\u00f3n Local y Medio Ambiente, Hussein Makhlouf, examin\u00f3 con el Ministro de Agricultura iraqu\u00ed Mohammed Karim Al-Khafaji las formas de desarrollar las relaciones y la acci\u00f3n conjunta en el campo del trabajo ambiental para encontrar soluciones a la desertificaci\u00f3n y hacer frente a los efectos del cambio clim\u00e1tico, en cooperaci\u00f3n &hellip;<\/p>\n","protected":false},"author":30,"featured_media":185726,"comment_status":"closed","ping_status":"closed","sticky":false,"template":"","format":"standard","meta":{"footnotes":""},"categories":[597,467],"tags":[19206],"class_list":["post-185725","post","type-post","status-publish","format-standard","has-post-thumbnail","","category-cinta-de-noticias","category-siria-y-el-mundo","tag-conversaciones-sirio-iraquies-sobre-el-medio-ambiente"],"_links":{"self":[{"href":"https:\/\/archive.sana.sy\/es\/index.php?rest_route=\/wp\/v2\/posts\/185725"}],"collection":[{"href":"https:\/\/archive.sana.sy\/es\/index.php?rest_route=\/wp\/v2\/posts"}],"about":[{"href":"https:\/\/archive.sana.sy\/es\/index.php?rest_route=\/wp\/v2\/types\/post"}],"author":[{"embeddable":true,"href":"https:\/\/archive.sana.sy\/es\/index.php?rest_route=\/wp\/v2\/users\/30"}],"replies":[{"embeddable":true,"href":"https:\/\/archive.sana.sy\/es\/index.php?rest_route=%2Fwp%2Fv2%2Fcomments&post=185725"}],"version-history":[{"count":0,"href":"https:\/\/archive.sana.sy\/es\/index.php?rest_route=\/wp\/v2\/posts\/185725\/revisions"}],"wp:featuredmedia":[{"embeddable":true,"href":"https:\/\/archive.sana.sy\/es\/index.php?rest_route=\/wp\/v2\/media\/185726"}],"wp:attachment":[{"href":"https:\/\/archive.sana.sy\/es\/index.php?rest_route=%2Fwp%2Fv2%2Fmedia&parent=185725"}],"wp:term":[{"taxonomy":"category","embeddable":true,"href":"https:\/\/archive.sana.sy\/es\/index.php?rest_route=%2Fwp%2Fv2%2Fcategories&post=185725"},{"taxonomy":"post_tag","embeddable":true,"href":"https:\/\/archive.sana.sy\/es\/index.php?rest_route=%2Fwp%2Fv2%2Ftags&post=185725"}],"curies":[{"name":"wp","href":"https:\/\/api.w.org\/{rel}","templated":true}]}}