{"id":185833,"date":"2021-06-20T11:16:38","date_gmt":"2021-06-20T08:16:38","guid":{"rendered":"http:\/\/107.6.182.27\/es\/?p=185833"},"modified":"2023-01-10T15:14:08","modified_gmt":"2023-01-10T13:14:08","slug":"resumen-semanal-de-las-noticias-mas-destacadas-en-el-campo-economico-en-siria","status":"publish","type":"post","link":"https:\/\/archive.sana.sy\/es\/?p=185833","title":{"rendered":"Resumen semanal de las noticias m\u00e1s destacadas en el campo\u00a0\u00a0econ\u00f3mico en Siria"},"content":{"rendered":"<div dir=\"ltr\">\n<div>\n<p style=\"text-align: justify;\"><strong><span lang=\"ES\" style=\"color: #800000;\">Provincias, SANA<\/span><\/strong><\/p>\n<p style=\"text-align: justify;\"><strong><span lang=\"ES\" style=\"color: #000000;\">A continuaci\u00f3n, noticias econ\u00f3micas y de otros campos en Siria en la semana reci\u00e9n transcurrida:<\/span><\/strong><\/p>\n<p style=\"text-align: justify;\"><strong><span style=\"color: #0000ff;\">Siria reconstruy\u00f3 planta de fosfato que produce 650 mil toneladas<\/span><\/strong><\/p>\n<p style=\"text-align: justify;\"><span lang=\"ES\">El Ministerio de Petr\u00f3leo y Recursos Minerales de Siria anunci\u00f3 la reanudaci\u00f3n de la producci\u00f3n en la planta de fosfato de Khenifes, ubicada a 60 kil\u00f3metros al este de la ciudad de Palmira en el desierto.<\/span><\/p>\n<p style=\"text-align: justify;\"><span lang=\"ES\">La planta es una de cinco destruidas casi por completo por los terroristas que ocuparon la zona y colocaron bombas y minas en sus instalaciones, lo cual atras\u00f3 la tarea de la reconstrucci\u00f3n hasta que el ej\u00e9rcito completara el desminado.<\/span><\/p>\n<p style=\"text-align: justify;\"><span lang=\"ES\">El director general de Geolog\u00eda y Recursos Minerales de Siria, Samir al-Assad, explic\u00f3 que las obras se ejecutaron con pericias nacionales e incluyeron el horno rotador, el quemador, las plantas de generaci\u00f3n, las unidades de secado y los almacenes.<\/span><\/p>\n<p style=\"text-align: justify;\"><span lang=\"ES\">Los t\u00e9cnicos, obreros e ingenieros demostraron que, a pesar del bloqueo econ\u00f3mico y las dif\u00edciles condiciones, son capaces de reconstruir lo destruido por el terrorismo.<\/span><\/p>\n<p style=\"text-align: justify;\"><span lang=\"ES\">Revel\u00f3 que la producci\u00f3n anual de la planta es de 650 mil toneladas y esta cifra podr\u00eda aumentar a casi 850 mil cuando se complete la reparaci\u00f3n de otras instalaciones de la misma.<\/span><\/p>\n<p style=\"text-align: justify;\"><span lang=\"ES\">La producci\u00f3n, seg\u00fan precisa, se traslada en un promedio de cinco mil toneladas por d\u00eda mediante una l\u00ednea f\u00e9rrea al puerto de Tartous donde se exporta a varios pa\u00edses, y destac\u00f3 que este mineral tiene buena fama a nivel mundial.<\/span><\/p>\n<p style=\"text-align: justify;\"><span lang=\"ES\">La exportaci\u00f3n es importante porque garantiza ingresos en divisa a pesar de las dificultades para su exportaci\u00f3n por el injusto bloqueo impuesto a Siria, remarc\u00f3 al-Assad.<\/span><\/p>\n<p style=\"text-align: justify;\"><span lang=\"ES\">El fosfato se explota actualmente de las minas de al-Sharquia y Khneifis, con una capacidad de producci\u00f3n anual de alrededor de 3,.5 millones de toneladas, las cuales se trasladan a la f\u00e1brica de fertilizantes de Homs mientras la mayor parte se exporta en crudo.<\/span><\/p>\n<p style=\"text-align: justify;\"><span lang=\"ES\">Este mineral ocupa el segundo lugar despu\u00e9s del petr\u00f3leo y el gas en cuanto a la importancia econ\u00f3mica en Siria, y sus principales minas se encuentran en la regi\u00f3n des\u00e9rtica de Palmira, donde se complet\u00f3 hasta la fecha el 55 por ciento de la recuperaci\u00f3n de este sector que fue afectado por las acciones terroristas.<\/span><\/p>\n<p style=\"text-align: justify;\"><span style=\"color: #0000ff;\"><strong>Primer Ministro: Abordar los desequilibrios en la distribuci\u00f3n de los derivados del petr\u00f3leo disponibles.<\/strong><\/span><\/p>\n<p style=\"text-align: justify;\"><span lang=\"ES\">El Primer Ministro Hussein Arnous, presidi\u00f3 una reuni\u00f3n en el Ministerio de Petr\u00f3leo y Recursos Minerales, donde se abordaron las v\u00edas para aumentar la producci\u00f3n, controlar los costos, mantener las l\u00edneas de producci\u00f3n, rehabilitarlas con la experiencia nacional, y completar el proyecto de automatizaci\u00f3n en las instituciones del Ministerio para controlar los residuos y evitar desequilibrios en la distribuci\u00f3n de los derivados del petr\u00f3leo.<\/span><\/p>\n<p style=\"text-align: justify;\"><span lang=\"ES\">El Presidente del Ejecutivo enfatiz\u00f3 que a pesar de la destrucci\u00f3n masiva y sistem\u00e1tica a la que ha sido sometido el sector petrolero por parte de los grupos terroristas, Siria es un pa\u00eds rico que posee muchas riquezas; el verdadero desaf\u00edo para el Gobierno, el Ministerio de Petr\u00f3leo y sus cuadros, est\u00e1 en elaborar planes, aprobar programas de trabajo y proyectos para poder invertir en ellas.<\/span><\/p>\n<p style=\"text-align: justify;\"><span lang=\"ES\">Se\u00f1al\u00f3 que el sector petrolero y mineral constituyen la esencia de la econom\u00eda nacional, por lo que el Ministerio del Petr\u00f3leo debe asumir la responsabilidad en este sentido y hacer todos los esfuerzos para que el sector pueda desempe\u00f1ar las funciones requeridas, con el objetivo de aliviar el sufrimiento de los ciudadanos.<\/span><\/p>\n<p style=\"text-align: justify;\"><span lang=\"ES\">En este sentido recalc\u00f3 que el ciudadano puede entender la falta de abastecimiento y las dificultades para proveer derivados del petr\u00f3leo, pero lo que no puede entender es la mala distribuci\u00f3n o la presencia de corrupci\u00f3n o despilfarro en la asignaci\u00f3n de las cantidades disponibles.<\/span><\/p>\n<p style=\"text-align: justify;\"><span lang=\"ES\">Destac\u00f3 la necesidad de invertir en el sector de la geolog\u00eda y aumentar su valor agregado y no comercializarlo en su forma cruda siempre que sea posible, as\u00ed como proponer nuevas oportunidades de inversi\u00f3n que garanticen su r\u00e1pida inversi\u00f3n.<\/span><\/p>\n<p style=\"text-align: justify;\"><span lang=\"ES\">Por su parte, el ministro de Petr\u00f3leo y Recursos Minerales, Ing. Bassam Tohme, explic\u00f3 que se han elaborado planes para rehabilitar las instalaciones da\u00f1adas, incluyendo el reposicionamiento de pozos e instalaciones que fueron saqueadas y saboteadas por el terrorismo. Se\u00f1al\u00f3 que tienen como objetivo rehabilitar la infraestructura, implementar planes estrat\u00e9gicos, y cumplir con las ambiciones para el avance de este vital e importante sector.<\/span><\/p>\n<p style=\"text-align: justify;\"><span lang=\"ES\">El encuentro abord\u00f3 las formas de mejorar el desempe\u00f1o de los servicios del sector petrolero, desarrollar el entorno legislativo y estructural, activar el trabajo de los contratos firmados con socios de cooperaci\u00f3n internacional, agilizar la implementaci\u00f3n de proyectos de inversi\u00f3n lo antes posible y conformar una sala de operaciones especiales para dar seguimiento a estos contratos, invertir en fuentes no tradicionales de petr\u00f3leo y gas, e introducir tecnolog\u00edas modernas en el campo de la exploraci\u00f3n y producci\u00f3n, as\u00ed como fortalecer la cooperaci\u00f3n con el sector privado para servir al sector de refinamiento.<\/span><\/p>\n<p style=\"text-align: justify;\"><strong><span style=\"color: #0000ff;\">Ministro de Agricultura: Continuaremos apoyando a los agricultores<\/span><\/strong><\/p>\n<p style=\"text-align: justify;\"><span lang=\"ES\">El ministro de Agricultura y Reforma Agraria, Muhammad Hassan Qatna, dijo en la Conferencia de Cereales que se llev\u00f3 a cabo en mayo pasado, que la tasa del incremento del precio del trigo no debe exceder el 10%, en tanto, el Ministerio hab\u00eda propuesto elevarla al 23% para incentivar a los campesinos a entregar sus cosechas.<\/span><\/p>\n<p style=\"text-align: justify;\"><span lang=\"ES\">Qatna confirm\u00f3 que el trigo tiene m\u00e1xima prioridad, ya que los agricultores recibieron 61 millones de litros de di\u00e9sel lo que cubre el 70% de las necesidades y las semillas se pagaron a 400 SYP, sabiendo que el costo es de 700 SYP, tambi\u00e9n se le entregaron fertilizantes.<\/span><\/p>\n<p style=\"text-align: justify;\"><span lang=\"ES\">Con respecto a los precios de todos los cultivos agr\u00edcolas, incluido el trigo, afirm\u00f3 que existe un Comit\u00e9 en el Ministerio encargado de estudiar los costos de producci\u00f3n y determinar su valor.<\/span><\/p>\n<p style=\"text-align: justify;\"><span lang=\"ES\">Se\u00f1al\u00f3 que el Consejo de Ministros conform\u00f3 un comit\u00e9 del Consejo Consultivo que realiz\u00f3 una encuesta sobre la opini\u00f3n de los agricultores, y concluy\u00f3 que los costos para producir 1Kg de trigo, es de 675 SYP, y agreg\u00f3 que las noticias que circulan sobre el fracaso de la cosecha de trigo este a\u00f1o, es incorrecto pues las superficies cultivadas aumentaron en comparaci\u00f3n con el a\u00f1o pasado.<\/span><\/p>\n<p style=\"text-align: justify;\"><span lang=\"ES\">Explic\u00f3 que los altos costos de la producci\u00f3n de cereales se deben a los altos precios de los fertilizantes, combustibles, semillas y otros insumos.<\/span><\/p>\n<p style=\"text-align: justify;\"><span lang=\"ES\">Indic\u00f3 que se est\u00e1 trabajando para establecer un sistema contractual entre los agricultores y las f\u00e1bricas de industrias alimentarias afiliadas al Ministerio de Industria, as\u00ed como permitir a la Federaci\u00f3n de Agricultores importar tractores de segunda mano, fertilizantes y forrajes.<\/span><\/p>\n<p style=\"text-align: justify;\"><strong><span style=\"color: #0000ff;\">Siria e Ir\u00e1n avanzan en la implementaci\u00f3n de acuerdos comerciales<\/span><\/strong><\/p>\n<p style=\"text-align: justify;\"><span lang=\"ES\">El Ministro iran\u00ed de Construcci\u00f3n de Carreteras y Ciudades, y presidente del Comit\u00e9 Econ\u00f3mico Conjunto Ir\u00e1n-Siria, Mohammad Eslami, y el Ministro de Comercio Interior y Protecci\u00f3n al Consumidor, Talal Al-Barazi, discutieron la cooperaci\u00f3n econ\u00f3mica existente y las relaciones comerciales de intercambio entre los dos pa\u00edses, as\u00ed como las v\u00edas para fortalecerlas frente a las medidas econ\u00f3micas coercitivas impuestas a ambos pa\u00edses.<\/span><\/p>\n<p style=\"text-align: justify;\"><span lang=\"ES\">Las conversaciones tambi\u00e9n abordaron la necesidad de acelerar la implementaci\u00f3n de los acuerdos firmados entre las dos partes, traducirlos a la pr\u00e1ctica de manera tangible y crear nuevas oportunidades para el avance de los proyectos conjuntos que contribuyan a la generaci\u00f3n de empleos, lograr recursos adicionales, y mejorar la realidad econ\u00f3mica y productiva.<\/span><\/p>\n<p style=\"text-align: justify;\"><span lang=\"ES\">El titular persa pidi\u00f3 activar el principio de trueque de mercanc\u00edas para facilitar el movimiento del intercambio entre los dos pa\u00edses mediante el proceso de transporte seguro y r\u00e1pido de mercanc\u00edas. Abord\u00f3 la cuesti\u00f3n de establecer f\u00e1bricas para la industria automotriz en Siria, la fabricaci\u00f3n de bater\u00edas para autom\u00f3viles, y la producci\u00f3n de agua mineral.<\/span><\/p>\n<p style=\"text-align: justify;\"><span lang=\"ES\">Por su parte, el ministro al-Barazi afirm\u00f3 el inter\u00e9s de Siria en implementar lo acordado con la parte iran\u00ed, especialmente lo que respecta al trabajo del Ministerio de Comercio Interior.<\/span><\/p>\n<p style=\"text-align: justify;\"><span lang=\"ES\">Ambos funcionarios escucharon una explicaci\u00f3n del Director General del Establecimiento de Comercio Sirio, Ahmed Najm, sobre los esfuerzos realizados para establecer una asociaci\u00f3n entre la Empresa Siria de Comercio y la Corporaci\u00f3n iran\u00ed Etka, donde ambas pretenden abrir centros comerciales en las respectivas capitales.<\/span><\/p>\n<p style=\"text-align: justify;\"><strong><span style=\"color: #0000ff;\">Gabinete enfatiza la importancia de garantizar un ambiente propicio para atraer las inversiones extranjeras.<\/span><\/strong><\/p>\n<p style=\"text-align: justify;\"><span lang=\"ES\">El Consejo de Ministros debati\u00f3 el proyecto de ley de los bancos p\u00fablicos y aprob\u00f3 la designaci\u00f3n de 10 mil millones SYP para las gobernaciones con el fin de finalizar los proyectos en fase de implementaci\u00f3n, las obras de rehabilitaci\u00f3n de la infraestructura, y mejorar los servicios p\u00fablicos.<\/span><\/p>\n<p style=\"text-align: justify;\"><span lang=\"ES\">En su sesi\u00f3n semanal, el Gabinete aprob\u00f3 un contrato encaminado a completar los procedimientos de importaci\u00f3n de 500 autobuses para el transporte interno.<\/span><\/p>\n<p style=\"text-align: justify;\"><span lang=\"ES\">El Primer Ministro, Hussein Arnous, destac\u00f3 la importancia de apoyar los sectores productivos, especialmente el industrial, as\u00ed como consolidar la participaci\u00f3n del sector privado.<\/span><\/p>\n<p style=\"text-align: justify;\"><span lang=\"ES\">Indic\u00f3 a los organismos pertinentes, presentar un informe con todas las medidas que puedan garantizar un ambiente propicio para atraer las inversiones extranjeras.<\/span><\/p>\n<p style=\"text-align: justify;\"><strong><span style=\"color: #0000ff;\">Rehabilitan 67 plantas de agua potable afectadas por el terrorismo en Deir Ezzor.<\/span><\/strong><\/p>\n<p style=\"text-align: justify;\"><span lang=\"ES\">El sector del agua potable de Deir Ezzor ha mejorado de forma notable desde la liberaci\u00f3n de la provincia nororiental siria del terrorismo.<\/span><\/p>\n<p style=\"text-align: justify;\"><span lang=\"ES\">El director del Establecimiento p\u00fablico de Agua potable de Deir Ezzor, Rabie al-Ali, confirm\u00f3 los continuos trabajos para asegurar el l\u00edquido para todas las \u00e1reas de la provincia.<\/span><\/p>\n<p style=\"text-align: justify;\"><span lang=\"ES\">Destac\u00f3 que este plan cuenta con 67 plantas de un total de 71 distribuidas en las zonas liberadas, y a\u00f1adi\u00f3 que pronto dos estaciones recuperar\u00e1n la operatividad tras ser rehabilitadas de los da\u00f1os causados por los terroristas.<\/span><\/p>\n<p style=\"text-align: justify;\"><span lang=\"ES\">Indic\u00f3 que el n\u00famero de estaciones de bombeo de agua que entraron en servicio aument\u00f3 de una en el 2017 a 33 en el 2018, y llegaron a 67 en este a\u00f1o.<\/span><\/p>\n<p style=\"text-align: justify;\"><span lang=\"ES\">Destac\u00f3 que la capacidad de todas las estaciones es de 17 mil y 80 metros c\u00fabicos por hora, lo cual cubre las necesidades de la poblaci\u00f3n de la ciudad y de las aldeas en las zonas liberadas del terrorismo.<\/span><\/p>\n<p style=\"text-align: justify;\"><strong><span style=\"color: #0000ff;\">C\u00e1mara de Comercio Sirio-Iran\u00ed: Modificaci\u00f3n del libre acuerdo entre los dos pa\u00edses<\/span><\/strong><\/p>\n<p style=\"text-align: justify;\"><span lang=\"ES\">La Autoridad General de la C\u00e1mara de Comercio Conjunta Sirio-Iran\u00ed, discuti\u00f3 en su primera reuni\u00f3n fundacional, la realidad y perspectivas de la relaci\u00f3n comercial y econ\u00f3mica entre los dos pa\u00edses, en presencia del embajador iran\u00ed en Damasco Mahdi Sobhani.<\/span><\/p>\n<p style=\"text-align: justify;\"><span lang=\"ES\">El diplom\u00e1tico persa se\u00f1al\u00f3 la importancia de la relaci\u00f3n estrat\u00e9gica sirio-iran\u00ed en varios campos, y el gran apoyo pol\u00edtico que tiene. En este sentido manifest\u00f3 la voluntad de los dos pa\u00edses en avanzar en la cooperaci\u00f3n econ\u00f3mica, as\u00ed como erradicar las dificultades que enfrenta el trabajo comercial, especialmente en el campo de las transferencias financieras, el trueque y el flete terrestre. En este \u00faltimo aspecto se\u00f1al\u00f3 que el gobierno iran\u00ed se encuentra en conversaciones con su hom\u00f3logo iraqu\u00ed con respecto al tema de la circulaci\u00f3n de camiones desde Teher\u00e1n hacia Damasco, coincidiendo ambas partes en que el tiempo del recorrido no debe exceder las 72 horas, lo que ser\u00e1 beneficioso para el sector empresarial.<\/span><\/p>\n<p style=\"text-align: justify;\"><span lang=\"ES\">Se\u00f1al\u00f3 el inter\u00e9s de Ir\u00e1n en desarrollar la cooperaci\u00f3n econ\u00f3mica con industriales y comerciantes en la ciudad de Alepo, tras la apertura de un consulado iran\u00ed all\u00ed. Anunci\u00f3 que el Ministro de Transporte iran\u00ed visitar\u00e1 Siria pr\u00f3ximamente para discutir la realidad y las perspectivas del transporte.<\/span><\/p>\n<p style=\"text-align: justify;\"><span lang=\"ES\">El Embajador afirm\u00f3 la determinaci\u00f3n del liderazgo iran\u00ed de desarrollar las relaciones econ\u00f3micas, se\u00f1alando que el sector comercial est\u00e1 dispuesto a cooperar con su hom\u00f3logo sirio en varios sectores econ\u00f3micos.<\/span><\/p>\n<p style=\"text-align: justify;\"><span lang=\"ES\">Los miembros de la Comisi\u00f3n realizaron recomendaciones como: la posibilidad de modificar el tratado de libre comercio entre los dos pa\u00edses para cumplir con los requisitos del sector privado, excluyendo los productos de las empresas que tienen prohibida la importaci\u00f3n para proteger los productos nacionales, cancelar las tasas e impuestos sobre los bienes intercambiados bajo el principio de trueque, intercambiar delegaciones comerciales, industriales, y agr\u00edcolas, as\u00ed como realizar foros entre empresarios e inversionistas de manera peri\u00f3dica entre ambos pa\u00edses.<\/span><\/p>\n<p style=\"text-align: justify;\"><strong><span style=\"color: #0000ff;\">Primer Ministro: Abordar los desequilibrios en la distribuci\u00f3n de los derivados del petr\u00f3leo disponibles y lograr justicia para soportar el sufrimiento de la escasez.<\/span><\/strong><\/p>\n<p style=\"text-align: justify;\"><span lang=\"ES\">El Primer Ministro Hussein Arnous, presidi\u00f3 una reuni\u00f3n en el Ministerio de Petr\u00f3leo y Recursos Minerales, donde se abordaron las v\u00edas para aumentar la producci\u00f3n, controlar los costos, mantener las l\u00edneas de producci\u00f3n, rehabilitarlas con la experiencia nacional, y completar el proyecto de automatizaci\u00f3n en las instituciones del Ministerio para controlar los residuos y evitar desequilibrios en la distribuci\u00f3n de los derivados del petr\u00f3leo.<\/span><\/p>\n<p style=\"text-align: justify;\"><span lang=\"ES\">El Presidente del Ejecutivo enfatiz\u00f3 que a pesar de la destrucci\u00f3n masiva y sistem\u00e1tica a la que ha sido sometido el sector petrolero por parte de los grupos terroristas, Siria es un pa\u00eds rico que posee muchas riquezas; el verdadero desaf\u00edo para el Gobierno, el Ministerio de Petr\u00f3leo y sus cuadros, est\u00e1 en elaborar planes, aprobar programas de trabajo y proyectos para poder invertir en ellas.<\/span><\/p>\n<p style=\"text-align: justify;\"><span lang=\"ES\">Se\u00f1al\u00f3 que el sector petrolero y mineral constituyen la esencia de la econom\u00eda nacional, por lo que el Ministerio del Petr\u00f3leo debe asumir la responsabilidad en este sentido y hacer todos los esfuerzos para que el sector pueda desempe\u00f1ar las funciones requeridas, con el objetivo de aliviar el sufrimiento de los ciudadanos.<\/span><\/p>\n<p style=\"text-align: justify;\"><span lang=\"ES\">En este sentido recalc\u00f3 que el ciudadano puede entender la falta de abastecimiento y las dificultades para proveer derivados del petr\u00f3leo, pero lo que no puede entender es la mala distribuci\u00f3n o la presencia de corrupci\u00f3n o despilfarro en la asignaci\u00f3n de las cantidades disponibles.<\/span><\/p>\n<p style=\"text-align: justify;\"><span lang=\"ES\">Destac\u00f3 la necesidad de invertir en el sector de la geolog\u00eda y aumentar su valor agregado y no comercializarlo en su forma cruda siempre que sea posible, as\u00ed como proponer nuevas oportunidades de inversi\u00f3n que garanticen su r\u00e1pida inversi\u00f3n.<\/span><\/p>\n<p style=\"text-align: justify;\"><span lang=\"ES\">Por su parte, el ministro de Petr\u00f3leo y Recursos Minerales, Ing. Bassam Tohme, explic\u00f3 que se han elaborado planes para rehabilitar las instalaciones da\u00f1adas, incluyendo el reposicionamiento de pozos e instalaciones que fueron saqueadas y saboteadas por el terrorismo. Se\u00f1al\u00f3 que tienen como objetivo rehabilitar la infraestructura, implementar planes estrat\u00e9gicos, y cumplir con las ambiciones para el avance de este vital e importante sector.<\/span><\/p>\n<p style=\"text-align: justify;\"><span lang=\"ES\">El encuentro abord\u00f3 las formas de mejorar el desempe\u00f1o de los servicios del sector petrolero, desarrollar el entorno legislativo y estructural, activar el trabajo de los contratos firmados con socios de cooperaci\u00f3n internacional, agilizar la implementaci\u00f3n de proyectos de inversi\u00f3n lo antes posible y conformar una sala de operaciones especiales para dar seguimiento a estos contratos, invertir en fuentes no tradicionales de petr\u00f3leo y gas, e introducir tecnolog\u00edas modernas en el campo de la exploraci\u00f3n y producci\u00f3n, as\u00ed como fortalecer la cooperaci\u00f3n con el sector privado para servir al sector de refinamiento.<\/span><\/p>\n<p style=\"text-align: justify;\"><strong><span style=\"color: #0000ff;\">Siria contin\u00faa con la reparaci\u00f3n de una central el\u00e9ctrica.<\/span><\/strong><\/p>\n<p style=\"text-align: justify;\"><span lang=\"ES\">Contin\u00faan las obras de mantenimiento del segundo grupo de turbinas de vapor en la Central El\u00e9ctrica de Zarah, en la gobernaci\u00f3n de Hama.<\/span><\/p>\n<p style=\"text-align: justify;\"><span lang=\"ES\">El Director de la referida instalaci\u00f3n, comunic\u00f3 que una vez concluidos los trabajos de reparaci\u00f3n, suministrar\u00e1 a la red el\u00e9ctrica 211 megavatios. Los trabajos de reparaci\u00f3n comenzaron el 30 de mayo y se prev\u00e9 que finalicen dentro de cuatro meses.<\/span><\/p>\n<p style=\"text-align: justify;\"><span lang=\"ES\">El primer y tercer grupo de turbinas de vapor de la planta fueron sometidas a mantenimiento en el 2019 y el 2020 respectivamente, con la ayuda de expertos nacionales y extranjeros.<\/span><\/p>\n<p style=\"text-align: justify;\"><span lang=\"ES\">La Planta El\u00e9ctrica de Zara incluye 3 grupos de turbinas de vapor y es una de las m\u00e1s modernas en Siria ya que tiene dos sistemas de gesti\u00f3n de mantenimiento (MMS) y otro de energ\u00eda (EMS).<\/span><\/p>\n<p style=\"text-align: justify;\"><strong><span style=\"color: #0000ff;\">Ministro de Transporte rinde cuentas sobre su gesti\u00f3n ante el Parlamento.<\/span><\/strong><\/p>\n<p style=\"text-align: justify;\"><span lang=\"ES\">Durante una sesi\u00f3n de la Asamblea Popular, el Ministro de Transporte, Ing. Zuhair Khuzaym, hizo alusi\u00f3n a los procesos llevados a cabo en este sector.<\/span><\/p>\n<p style=\"text-align: justify;\"><span lang=\"ES\">Inform\u00f3 sobre la unificaci\u00f3n de la base de datos para las transacciones, conectando a las autoridades competentes de los Ministerios de Finanzas, Interior y Seguros, con el Sindicato de Trabajadores del Transporte Terrestre. Resalt\u00f3 que los documentos de transacciones de veh\u00edculos se archivan electr\u00f3nicamente y todos los costes se implementan mediante el pago electr\u00f3nico. El importe por este concepto ascendi\u00f3 a 95 mil millones SYP.<\/span><\/p>\n<p style=\"text-align: justify;\"><span lang=\"ES\">Agreg\u00f3 que se est\u00e1 llevando a cabo un examen t\u00e9cnico de la maquinaria agr\u00edcola pesada en aldeas y pueblos, con el prop\u00f3sito de aliviar la carga de los agricultores. Mencion\u00f3 la finalizaci\u00f3n del proyecto de pista paralela en el Aeropuerto Internacional de Alepo, como una alternativa en caso de interrupci\u00f3n de la pista principal.<\/span><\/p>\n<p style=\"text-align: justify;\"><span lang=\"ES\">Tambi\u00e9n se refiri\u00f3 al aumento del n\u00famero de vuelos operativos a algunos puntos como Beirut, El Cairo, Doha y Jartum. Agreg\u00f3 que se trabaja para conectar los vuelos con algunos pa\u00edses del Golfo y Europa, para facilitar el traslado de viajeros desde Siria. Subray\u00f3 que existen vuelos semanales desde Alepo a Beirut, y vuelos regulares desde Damasco hacia Bagdad, Najaf y Mosc\u00fa. Inform\u00f3 sobre la finalizaci\u00f3n de la rehabilitaci\u00f3n del eje ferroviario Alepo-Hama-Homs-Damasco, con una longitud de 400 km.<\/span><\/p>\n<p style=\"text-align: justify;\"><strong><span style=\"color: #0000ff;\">Primer Ministro insta a m\u00e1s esfuerzos para lograr la estabilidad y el equilibrio en el mercado<\/span><\/strong><\/p>\n<p style=\"text-align: justify;\"><span lang=\"ES\">El Presidente del Consejo de Ministros, Hussein Arnous, destac\u00f3 el papel social del Ministerio de Comercio Interior y Protecci\u00f3n al Consumidor, debido a su contacto constante con los ciudadanos sobre muchos temas. Inst\u00f3 a realizar m\u00e1s esfuerzos para lograr la estabilidad en los mercados, as\u00ed como asegurar la calidad de los productos.<\/span><\/p>\n<p style=\"text-align: justify;\"><span lang=\"ES\">En una reuni\u00f3n en el Ministerio de Comercio Interior y Protecci\u00f3n al Consumidor, Arnous explic\u00f3 que la labor del Ministerio es gestionar el mercado para lograr estabilidad y equilibrio sobre la base de la competitividad y la calidad, adem\u00e1s de aprovechar al m\u00e1ximo las enmiendas legislativas para mejorar la calidad de los servicios que se prestan a los ciudadanos.<\/span><\/p>\n<p style=\"text-align: justify;\"><span lang=\"ES\">Por su parte, el Ministro de Comercio Interior y Protecci\u00f3n al Consumidor, Talal Barazi, confirm\u00f3 que el desarrollo de la labor de las instituciones afiliadas al Ministerio contin\u00faa de acuerdo con los lineamientos de la siguiente etapa. Destac\u00f3 que se redoblar\u00e1n los esfuerzos para lograr resultados positivos sobre el terreno, de acuerdo con el marco temporal espec\u00edfico y de manera tal que la ciudadan\u00eda palpe los resultados.<\/span><\/p>\n<p style=\"text-align: justify;\"><strong><span style=\"color: #0000ff;\">Damasco en jornada de trabajo voluntario por tercer viernes consecutivo<\/span><\/strong><\/p>\n<p style=\"text-align: justify;\"><span lang=\"ES\">Por tercer viernes consecutivo, la gobernaci\u00f3n de Damasco, en cooperaci\u00f3n con la comunidad local, las ONG y los comit\u00e9s vecinales, llevaron a cabo una campa\u00f1a de trabajo voluntario en varios barrios.<\/span><\/p>\n<p style=\"text-align: justify;\"><span lang=\"ES\">\u00a0<\/span><span lang=\"ES\">La jornada incluy\u00f3 campa\u00f1as de limpieza, rehabilitaci\u00f3n y mantenimiento de aceras y calles, siembra de flores y plantas, fumigaci\u00f3n con pesticidas y eliminaci\u00f3n de carteles.<\/span><\/p>\n<p><strong><span style=\"color: #0000ff;\">A causa del bloqueo, Ministerio de Salud sube los precios de medicamentos nacionales<\/span><\/strong><\/p>\n<p style=\"text-align: justify;\"><span lang=\"ES\">\u00a0<\/span><span lang=\"ES\">El Comit\u00e9 T\u00e9cnico Supremo de F\u00e1rmacos emiti\u00f3\u00a0\u00a0una resoluci\u00f3n, en la cual se modifican los precios de los medicamentos fabricados en el pa\u00eds.<\/span><\/p>\n<p style=\"text-align: justify;\"><span lang=\"ES\">\u00a0<\/span><span lang=\"ES\">El viceministro de Salud para Asuntos Farmac\u00e9uticos y Productos F\u00e1rmacos, Obaidah Qatee, en una declaraci\u00f3n a SANA explic\u00f3 que la decisi\u00f3n de subir los precios de medicamentos en un 30% pretende paliar la falta de f\u00e1rmacos de fabricaci\u00f3n local debido a los altos costos de producci\u00f3n y al aumento de las tarifas de importaci\u00f3n de materias primas como consecuencia del bloqueo y las medidas coercitivas unilaterales impuestas al pueblo sirio.<\/span><\/p>\n<p style=\"text-align: justify;\"><span lang=\"ES\">\u00a0<\/span><span lang=\"ES\">El viceministro agreg\u00f3 que el gobierno sirio sigue apoyando a la industria farmac\u00e9utica nacional a trav\u00e9s de varias medidas, entre ellas, la exenci\u00f3n de las materias primas involucradas en esta industria de los aranceles aduaneros y todos los dem\u00e1s impuestos y tarifas que se imponen a la importaci\u00f3n.<\/span><\/p>\n<p><strong><span style=\"color: #0000ff;\">Siria e Irak firman memorando para la cooperaci\u00f3n cient\u00edfico-t\u00e9cnica en el campo agr\u00edcola<\/span><\/strong><\/p>\n<p style=\"text-align: justify;\"><span lang=\"ES\">\u00a0<\/span><span lang=\"ES\">Siria e Irak firmaron\u00a0\u00a0un acuerdo de cooperaci\u00f3n cient\u00edfico-t\u00e9cnica en el \u00e1mbito agr\u00edcola con el objetivo de mejorar la colaboraci\u00f3n entre ambos pa\u00edses en dicho sector.<\/span><\/p>\n<p style=\"text-align: justify;\"><span lang=\"ES\">\u00a0<\/span><span lang=\"ES\">Durante una reuni\u00f3n que precedi\u00f3 a la suscripci\u00f3n del convenio, el ministro de Agricultura sirio, Muhammad Hassan Qatana, indic\u00f3 que, entre tantos temas, se discutieron mecanismos de cooperaci\u00f3n sobre el cultivo de la tierra, la investigaci\u00f3n cient\u00edfica agropecuaria y las modernas tecnolog\u00edas de riego.<\/span><\/p>\n<p style=\"text-align: justify;\"><span lang=\"ES\">\u00a0<\/span><span lang=\"ES\">Por su parte, el ministro de Agricultura iraqu\u00ed, Muhammad Karim al-Khafaji, destac\u00f3 la importancia de fortalecer la cooperaci\u00f3n en el \u00e1mbito de la investigaci\u00f3n cient\u00edfica, la salud animal y el tema del cambio clim\u00e1tico.<\/span><\/p>\n<p style=\"text-align: justify;\"><span lang=\"ES\">\u00a0<\/span><span lang=\"ES\">En una declaraci\u00f3n a la prensa, el ministro sirio se\u00f1al\u00f3 que se discuti\u00f3 el tema de facilitar el ingreso de camiones sirios en Irak y acordaron realizar futuras reuniones para la implementaci\u00f3n del convenio firmado .<\/span><\/p>\n<p style=\"text-align: justify;\"><span lang=\"ES\">\u00a0<\/span><span lang=\"ES\">Por su parte, el ministro iraqu\u00ed dijo, que se abordaron varios aspectos t\u00e9cnicos para la facilitaci\u00f3n del intercambio comercial entre ambos pa\u00edses hermanos, y se\u00f1al\u00f3 que uno de los objetivos m\u00e1s importantes de la visita es la coordinaci\u00f3n de esfuerzos sobre el tema del agua, especialmente en lo referente al r\u00edo \u00c9ufrates ya que Turqu\u00eda tiene que respetar los tratados internacionales y permitir el flujo fluvial hacia Siria e Irak.<\/span><\/p>\n<p style=\"text-align: justify;\"><strong><em><span style=\"color: #0000ff;\">fm\/ed<\/span><\/em><\/strong><\/p>\n<\/div>\n<\/div>\n","protected":false},"excerpt":{"rendered":"<p>Provincias, SANA A continuaci\u00f3n, noticias econ\u00f3micas y de otros campos en Siria en la semana reci\u00e9n transcurrida: Siria reconstruy\u00f3 planta de fosfato que produce 650 mil toneladas El Ministerio de Petr\u00f3leo y Recursos Minerales de Siria anunci\u00f3 la reanudaci\u00f3n de la producci\u00f3n en la planta de fosfato de Khenifes, ubicada a 60 kil\u00f3metros al este &hellip;<\/p>\n","protected":false},"author":32,"featured_media":185851,"comment_status":"closed","ping_status":"closed","sticky":false,"template":"","format":"standard","meta":{"footnotes":""},"categories":[447,597,16686,485,476,583],"tags":[],"class_list":["post-185833","post","type-post","status-publish","format-standard","has-post-thumbnail","","category-local-politica","category-cinta-de-noticias","category-economia","category-informes-negocios-y-finanzas","category-locales","category-slide"],"_links":{"self":[{"href":"https:\/\/archive.sana.sy\/es\/index.php?rest_route=\/wp\/v2\/posts\/185833"}],"collection":[{"href":"https:\/\/archive.sana.sy\/es\/index.php?rest_route=\/wp\/v2\/posts"}],"about":[{"href":"https:\/\/archive.sana.sy\/es\/index.php?rest_route=\/wp\/v2\/types\/post"}],"author":[{"embeddable":true,"href":"https:\/\/archive.sana.sy\/es\/index.php?rest_route=\/wp\/v2\/users\/32"}],"replies":[{"embeddable":true,"href":"https:\/\/archive.sana.sy\/es\/index.php?rest_route=%2Fwp%2Fv2%2Fcomments&post=185833"}],"version-history":[{"count":0,"href":"https:\/\/archive.sana.sy\/es\/index.php?rest_route=\/wp\/v2\/posts\/185833\/revisions"}],"wp:featuredmedia":[{"embeddable":true,"href":"https:\/\/archive.sana.sy\/es\/index.php?rest_route=\/wp\/v2\/media\/185851"}],"wp:attachment":[{"href":"https:\/\/archive.sana.sy\/es\/index.php?rest_route=%2Fwp%2Fv2%2Fmedia&parent=185833"}],"wp:term":[{"taxonomy":"category","embeddable":true,"href":"https:\/\/archive.sana.sy\/es\/index.php?rest_route=%2Fwp%2Fv2%2Fcategories&post=185833"},{"taxonomy":"post_tag","embeddable":true,"href":"https:\/\/archive.sana.sy\/es\/index.php?rest_route=%2Fwp%2Fv2%2Ftags&post=185833"}],"curies":[{"name":"wp","href":"https:\/\/api.w.org\/{rel}","templated":true}]}}