{"id":185837,"date":"2021-06-20T12:11:22","date_gmt":"2021-06-20T09:11:22","guid":{"rendered":"http:\/\/107.6.182.27\/es\/?p=185837"},"modified":"2021-06-20T19:45:04","modified_gmt":"2021-06-20T16:45:04","slug":"bombardeo-terrorista-con-cohetes-causa-lesiones-a-hombre-y-su-hija-en-jorin-hama","status":"publish","type":"post","link":"https:\/\/archive.sana.sy\/es\/?p=185837","title":{"rendered":"Bombardeo terrorista con cohetes causa muerte de una ni\u00f1a y lesi\u00f3n de su padre en Jor\u00edn\/Hama"},"content":{"rendered":"<p style=\"text-align: justify;\"><span style=\"color: #800000;\"><strong>Hama, SANA<\/strong><\/span><\/p>\n<p style=\"text-align: justify;\">Una ni\u00f1a perdi\u00f3 la vida y su padre result\u00f3 herido hoy por ataque con cohetes perpetrado por las organizaciones terroristas en la provincia de Idlib, contra el poblado de Jor\u00edn en el noroeste de la provincia de Hama.<\/p>\n<p style=\"text-align: justify;\">De acuerdo a reportes del corresponsal de SANA, los extremistas bombardearon la referida localidad con cinco cohetes e indicaron que el hombre y su hija fueron trasladados al hospital provincial de Hama.<\/p>\n<p style=\"text-align: justify;\">El corresponsal agreg\u00f3 que la agresi\u00f3n provoc\u00f3 da\u00f1os materiales en las viviendas y propiedades de las familias.<\/p>\n<p style=\"text-align: justify;\"><strong><span style=\"color: #0000ff;\">fm\/ed<\/span><\/strong><\/p>\n","protected":false},"excerpt":{"rendered":"<p>Hama, SANA Una ni\u00f1a perdi\u00f3 la vida y su padre result\u00f3 herido hoy por ataque con cohetes perpetrado por las organizaciones terroristas en la provincia de Idlib, contra el poblado de Jor\u00edn en el noroeste de la provincia de Hama. De acuerdo a reportes del corresponsal de SANA, los extremistas bombardearon la referida localidad con &hellip;<\/p>\n","protected":false},"author":32,"featured_media":185838,"comment_status":"closed","ping_status":"closed","sticky":false,"template":"","format":"standard","meta":{"footnotes":""},"categories":[477,447,597,573,476,7541],"tags":[],"class_list":["post-185837","post","type-post","status-publish","format-standard","has-post-thumbnail","","category-noticias-edulcorantes","category-local-politica","category-cinta-de-noticias","category-la-realidad-de-los-acontecimientos-en-siria","category-locales","category-ultimas-noticias"],"_links":{"self":[{"href":"https:\/\/archive.sana.sy\/es\/index.php?rest_route=\/wp\/v2\/posts\/185837"}],"collection":[{"href":"https:\/\/archive.sana.sy\/es\/index.php?rest_route=\/wp\/v2\/posts"}],"about":[{"href":"https:\/\/archive.sana.sy\/es\/index.php?rest_route=\/wp\/v2\/types\/post"}],"author":[{"embeddable":true,"href":"https:\/\/archive.sana.sy\/es\/index.php?rest_route=\/wp\/v2\/users\/32"}],"replies":[{"embeddable":true,"href":"https:\/\/archive.sana.sy\/es\/index.php?rest_route=%2Fwp%2Fv2%2Fcomments&post=185837"}],"version-history":[{"count":0,"href":"https:\/\/archive.sana.sy\/es\/index.php?rest_route=\/wp\/v2\/posts\/185837\/revisions"}],"wp:featuredmedia":[{"embeddable":true,"href":"https:\/\/archive.sana.sy\/es\/index.php?rest_route=\/wp\/v2\/media\/185838"}],"wp:attachment":[{"href":"https:\/\/archive.sana.sy\/es\/index.php?rest_route=%2Fwp%2Fv2%2Fmedia&parent=185837"}],"wp:term":[{"taxonomy":"category","embeddable":true,"href":"https:\/\/archive.sana.sy\/es\/index.php?rest_route=%2Fwp%2Fv2%2Fcategories&post=185837"},{"taxonomy":"post_tag","embeddable":true,"href":"https:\/\/archive.sana.sy\/es\/index.php?rest_route=%2Fwp%2Fv2%2Ftags&post=185837"}],"curies":[{"name":"wp","href":"https:\/\/api.w.org\/{rel}","templated":true}]}}