{"id":185862,"date":"2021-06-20T18:16:52","date_gmt":"2021-06-20T15:16:52","guid":{"rendered":"http:\/\/107.6.182.27\/es\/?p=185862"},"modified":"2021-06-21T06:41:30","modified_gmt":"2021-06-21T03:41:30","slug":"restaurada-una-importante-linea-electrica-en-deraa","status":"publish","type":"post","link":"https:\/\/archive.sana.sy\/es\/?p=185862","title":{"rendered":"Vital l\u00ednea el\u00e9ctrica en Deraa vuelve a funcionar tras seis a\u00f1os de interrupci\u00f3n"},"content":{"rendered":"<p style=\"text-align: justify;\"><span style=\"color: #800000;\"><strong>Deraa, SANA<\/strong><\/span><\/p>\n<p style=\"text-align: justify;\">Los electricistas de la Compa\u00f1\u00eda Estatal de Electricidad de Deraa rehabilitaron una l\u00ednea el\u00e9ctrica de 230 kilovoltios que conecta las estaciones de Sheikh Miskin en Deraa y Al Koum en Sweida tras una interrupci\u00f3n de seis a\u00f1os debido a las acciones terroristas.<\/p>\n<p style=\"text-align: justify;\">El jefe de la sucursal de la compa\u00f1\u00eda, Muhammad Asad, dijo al corresponsal de SANA que los trabajadores y t\u00e9cnicos repararon la l\u00ednea que conecta a cuatro plantas el\u00e9ctricas importantes.<\/p>\n<p style=\"text-align: justify;\">El director de la Compa\u00f1\u00eda de Electricidad de Deraa, Hani Al-Masalmah, enfatiz\u00f3 la importancia de esta l\u00ednea para mejorar la confiabilidad del suministro de energ\u00eda en las provincias de Deraa y Sweida.<\/p>\n<p style=\"text-align: justify;\"><span style=\"color: #0000ff;\"><strong>ah\/rsh\/fm<\/strong><\/span><\/p>\n","protected":false},"excerpt":{"rendered":"<p>Deraa, SANA Los electricistas de la Compa\u00f1\u00eda Estatal de Electricidad de Deraa rehabilitaron una l\u00ednea el\u00e9ctrica de 230 kilovoltios que conecta las estaciones de Sheikh Miskin en Deraa y Al Koum en Sweida tras una interrupci\u00f3n de seis a\u00f1os debido a las acciones terroristas. El jefe de la sucursal de la compa\u00f1\u00eda, Muhammad Asad, dijo &hellip;<\/p>\n","protected":false},"author":30,"featured_media":185863,"comment_status":"closed","ping_status":"closed","sticky":false,"template":"","format":"standard","meta":{"footnotes":""},"categories":[597,476,7541],"tags":[19213],"class_list":["post-185862","post","type-post","status-publish","format-standard","has-post-thumbnail","","category-cinta-de-noticias","category-locales","category-ultimas-noticias","tag-restaurada-una-importante-linea-electrica-en-deraa"],"_links":{"self":[{"href":"https:\/\/archive.sana.sy\/es\/index.php?rest_route=\/wp\/v2\/posts\/185862"}],"collection":[{"href":"https:\/\/archive.sana.sy\/es\/index.php?rest_route=\/wp\/v2\/posts"}],"about":[{"href":"https:\/\/archive.sana.sy\/es\/index.php?rest_route=\/wp\/v2\/types\/post"}],"author":[{"embeddable":true,"href":"https:\/\/archive.sana.sy\/es\/index.php?rest_route=\/wp\/v2\/users\/30"}],"replies":[{"embeddable":true,"href":"https:\/\/archive.sana.sy\/es\/index.php?rest_route=%2Fwp%2Fv2%2Fcomments&post=185862"}],"version-history":[{"count":0,"href":"https:\/\/archive.sana.sy\/es\/index.php?rest_route=\/wp\/v2\/posts\/185862\/revisions"}],"wp:featuredmedia":[{"embeddable":true,"href":"https:\/\/archive.sana.sy\/es\/index.php?rest_route=\/wp\/v2\/media\/185863"}],"wp:attachment":[{"href":"https:\/\/archive.sana.sy\/es\/index.php?rest_route=%2Fwp%2Fv2%2Fmedia&parent=185862"}],"wp:term":[{"taxonomy":"category","embeddable":true,"href":"https:\/\/archive.sana.sy\/es\/index.php?rest_route=%2Fwp%2Fv2%2Fcategories&post=185862"},{"taxonomy":"post_tag","embeddable":true,"href":"https:\/\/archive.sana.sy\/es\/index.php?rest_route=%2Fwp%2Fv2%2Ftags&post=185862"}],"curies":[{"name":"wp","href":"https:\/\/api.w.org\/{rel}","templated":true}]}}