{"id":185865,"date":"2021-06-20T18:23:12","date_gmt":"2021-06-20T15:23:12","guid":{"rendered":"http:\/\/107.6.182.27\/es\/?p=185865"},"modified":"2021-06-21T06:35:45","modified_gmt":"2021-06-21T03:35:45","slug":"seis-civiles-resultan-heridos-al-estallarse-un-objeto-explosivo-remanente-de-terroristas-en-homs","status":"publish","type":"post","link":"https:\/\/archive.sana.sy\/es\/?p=185865","title":{"rendered":"Seis civiles resultan heridos por explosi\u00f3n de bomba remanente de terroristas en Homs"},"content":{"rendered":"<p style=\"text-align: justify;\"><span style=\"color: #800000;\"><strong>Homs, SANA<\/strong><\/span><\/p>\n<p style=\"text-align: justify;\">Seis civiles resultaron heridos por el estallido de un objeto explosivo remanente de las organizaciones terroristas, cerca de un edificio en la ciudad central de Homs, inform\u00f3 el corresponsal de SANA.<\/p>\n<p style=\"text-align: justify;\">El periodista se\u00f1al\u00f3 que los heridos fueron transportados al hospital directamente para recibir tratamiento m\u00e9dico.<\/p>\n<p style=\"text-align: justify;\">Las organizaciones terroristas sembraron minas y cargas explosivas en sus \u00e1reas de despliegue antes de su derrota a manos del ej\u00e9rcito sirio.<\/p>\n<p style=\"text-align: justify;\">\n<p style=\"text-align: justify;\"><span style=\"color: #0000ff;\"><strong>ah\/rsh\/fm<\/strong><\/span><\/p>\n","protected":false},"excerpt":{"rendered":"<p>Homs, SANA Seis civiles resultaron heridos por el estallido de un objeto explosivo remanente de las organizaciones terroristas, cerca de un edificio en la ciudad central de Homs, inform\u00f3 el corresponsal de SANA. El periodista se\u00f1al\u00f3 que los heridos fueron transportados al hospital directamente para recibir tratamiento m\u00e9dico. Las organizaciones terroristas sembraron minas y cargas &hellip;<\/p>\n","protected":false},"author":30,"featured_media":185866,"comment_status":"closed","ping_status":"closed","sticky":false,"template":"","format":"standard","meta":{"footnotes":""},"categories":[597,573,7541],"tags":[19214],"class_list":["post-185865","post","type-post","status-publish","format-standard","has-post-thumbnail","","category-cinta-de-noticias","category-la-realidad-de-los-acontecimientos-en-siria","category-ultimas-noticias","tag-seis-civiles-resultan-heridos-al-estallarse-un-objeto-explosivo-remanente-de-terroristas-en-homs"],"_links":{"self":[{"href":"https:\/\/archive.sana.sy\/es\/index.php?rest_route=\/wp\/v2\/posts\/185865"}],"collection":[{"href":"https:\/\/archive.sana.sy\/es\/index.php?rest_route=\/wp\/v2\/posts"}],"about":[{"href":"https:\/\/archive.sana.sy\/es\/index.php?rest_route=\/wp\/v2\/types\/post"}],"author":[{"embeddable":true,"href":"https:\/\/archive.sana.sy\/es\/index.php?rest_route=\/wp\/v2\/users\/30"}],"replies":[{"embeddable":true,"href":"https:\/\/archive.sana.sy\/es\/index.php?rest_route=%2Fwp%2Fv2%2Fcomments&post=185865"}],"version-history":[{"count":0,"href":"https:\/\/archive.sana.sy\/es\/index.php?rest_route=\/wp\/v2\/posts\/185865\/revisions"}],"wp:featuredmedia":[{"embeddable":true,"href":"https:\/\/archive.sana.sy\/es\/index.php?rest_route=\/wp\/v2\/media\/185866"}],"wp:attachment":[{"href":"https:\/\/archive.sana.sy\/es\/index.php?rest_route=%2Fwp%2Fv2%2Fmedia&parent=185865"}],"wp:term":[{"taxonomy":"category","embeddable":true,"href":"https:\/\/archive.sana.sy\/es\/index.php?rest_route=%2Fwp%2Fv2%2Fcategories&post=185865"},{"taxonomy":"post_tag","embeddable":true,"href":"https:\/\/archive.sana.sy\/es\/index.php?rest_route=%2Fwp%2Fv2%2Ftags&post=185865"}],"curies":[{"name":"wp","href":"https:\/\/api.w.org\/{rel}","templated":true}]}}