{"id":186002,"date":"2021-06-21T08:24:00","date_gmt":"2021-06-21T05:24:00","guid":{"rendered":"http:\/\/107.6.182.27\/es\/?p=186002"},"modified":"2023-01-10T15:33:29","modified_gmt":"2023-01-10T13:33:29","slug":"titulares-de-la-agencia-sana-21-de-junio","status":"publish","type":"post","link":"https:\/\/archive.sana.sy\/es\/?p=186002","title":{"rendered":"Titulares de la agencia SANA, 21 de junio"},"content":{"rendered":"<p style=\"text-align: justify;\"><strong><span style=\"color: #800000;\">Damasco, SANA<\/span><\/strong><\/p>\n<p style=\"text-align: justify;\">????Arranca Conferencia de Reforma Administrativa bajo el lema: &#8220;Gesti\u00f3n Efectiva hacia Instituciones Din\u00e1micas&#8221;.<\/p>\n<p style=\"text-align: justify;\">????Siria e Iraq abordan cooperaci\u00f3n en sectores del transporte e intercambio comercial.<\/p>\n<p style=\"text-align: justify;\">????Primer ministro sirio aboga por mejorar el transporte terrestre e intercambio comercial con Irak.<\/p>\n<p style=\"text-align: justify;\">????Un desliz de Erdogan desenmascara su papel destructivo en Siria.<\/p>\n<p style=\"text-align: justify;\">????Equipo de Olimpiada Internacional de Siria participa en la Olimpiada Europea de F\u00edsica.<\/p>\n<p style=\"text-align: justify;\">????Ocupante estadounidense saque\u00f3 32 camiones de trigo sirio.<\/p>\n<p style=\"text-align: justify;\">????Bombardeo terrorista con cohetes causa muerte de una ni\u00f1a y lesi\u00f3n de su padre en Jor\u00edn\/Hama.<\/p>\n<p style=\"text-align: justify;\">????Siria reporta 42 nuevos casos positivos y dos decesos por Covid-19<\/p>\n<p style=\"text-align: justify;\">????Periodista turco afirma el saqueo de los recursos naturales de Siria por parte de mercenarios del r\u00e9gimen turco.<\/p>\n<p style=\"text-align: justify;\">????colonos sionistas irrumpen en mezquita Al-Aqsa.<\/p>\n<p style=\"text-align: justify;\">????Resumen semanal de las noticias m\u00e1s destacadas en el campo econ\u00f3mico en Siria.<\/p>\n<p style=\"text-align: justify;\">????Terroristas respaldados por Turqu\u00eda secuestran un civil de Janders\/ Alepo<\/p>\n<p style=\"text-align: justify;\">????EEUU traslada nuevo grupo de terroristas del Daesh a su base ilegal en Shaddadi\/Siria<\/p>\n<p style=\"text-align: justify;\">????Atacan con cohete a una base militar estadounidense en Irak.<\/p>\n<p style=\"text-align: justify;\">????Cuatro mil 800 instalaciones industriales y artesanales operan en provincia siria de Sweida.<\/p>\n<p style=\"text-align: justify;\">????Caricaturista sirio gana dos premios en el Festival Internacional de S\u00e1tira y Humor en Rumania.<\/p>\n<p style=\"text-align: justify;\">????Restaurada una importante l\u00ednea el\u00e9ctrica en Deraa<\/p>\n<p style=\"text-align: justify;\">????Seis civiles resultan heridos al estallarse un objeto explosivo remanente de terroristas en Homs.<\/p>\n<p style=\"text-align: justify;\">????Monasterio de San Mois\u00e9s el Abisinio.<\/p>\n<p style=\"text-align: justify;\">\n","protected":false},"excerpt":{"rendered":"<p>Damasco, SANA ????Arranca Conferencia de Reforma Administrativa bajo el lema: &#8220;Gesti\u00f3n Efectiva hacia Instituciones Din\u00e1micas&#8221;. ????Siria e Iraq abordan cooperaci\u00f3n en sectores del transporte e intercambio comercial. ????Primer ministro sirio aboga por mejorar el transporte terrestre e intercambio comercial con Irak. ????Un desliz de Erdogan desenmascara su papel destructivo en Siria. ????Equipo de Olimpiada Internacional &hellip;<\/p>\n","protected":false},"author":32,"featured_media":185218,"comment_status":"closed","ping_status":"closed","sticky":false,"template":"","format":"standard","meta":{"footnotes":""},"categories":[447,555,597,7541],"tags":[],"class_list":["post-186002","post","type-post","status-publish","format-standard","has-post-thumbnail","","category-local-politica","category-prensa","category-cinta-de-noticias","category-ultimas-noticias"],"_links":{"self":[{"href":"https:\/\/archive.sana.sy\/es\/index.php?rest_route=\/wp\/v2\/posts\/186002"}],"collection":[{"href":"https:\/\/archive.sana.sy\/es\/index.php?rest_route=\/wp\/v2\/posts"}],"about":[{"href":"https:\/\/archive.sana.sy\/es\/index.php?rest_route=\/wp\/v2\/types\/post"}],"author":[{"embeddable":true,"href":"https:\/\/archive.sana.sy\/es\/index.php?rest_route=\/wp\/v2\/users\/32"}],"replies":[{"embeddable":true,"href":"https:\/\/archive.sana.sy\/es\/index.php?rest_route=%2Fwp%2Fv2%2Fcomments&post=186002"}],"version-history":[{"count":0,"href":"https:\/\/archive.sana.sy\/es\/index.php?rest_route=\/wp\/v2\/posts\/186002\/revisions"}],"wp:featuredmedia":[{"embeddable":true,"href":"https:\/\/archive.sana.sy\/es\/index.php?rest_route=\/wp\/v2\/media\/185218"}],"wp:attachment":[{"href":"https:\/\/archive.sana.sy\/es\/index.php?rest_route=%2Fwp%2Fv2%2Fmedia&parent=186002"}],"wp:term":[{"taxonomy":"category","embeddable":true,"href":"https:\/\/archive.sana.sy\/es\/index.php?rest_route=%2Fwp%2Fv2%2Fcategories&post=186002"},{"taxonomy":"post_tag","embeddable":true,"href":"https:\/\/archive.sana.sy\/es\/index.php?rest_route=%2Fwp%2Fv2%2Ftags&post=186002"}],"curies":[{"name":"wp","href":"https:\/\/api.w.org\/{rel}","templated":true}]}}