{"id":186007,"date":"2021-06-21T10:16:49","date_gmt":"2021-06-21T07:16:49","guid":{"rendered":"http:\/\/107.6.182.27\/es\/?p=186007"},"modified":"2023-01-12T14:41:03","modified_gmt":"2023-01-12T12:41:03","slug":"fuerzas-de-ocupacion-israelies-arrestan-a-nueve-palestinos-en-cisjordania","status":"publish","type":"post","link":"https:\/\/archive.sana.sy\/es\/?p=186007","title":{"rendered":"Fuerzas de ocupaci\u00f3n israel\u00edes arrestan a nueve palestinos en Cisjordania"},"content":{"rendered":"<p style=\"text-align: justify;\"><span style=\"color: #800000;\"><strong>Jerusal\u00e9n ocupada, SANA<\/strong><\/span><\/p>\n<p style=\"text-align: justify;\">Las fuerzas de ocupaci\u00f3n israel\u00edes arrestaron al amanecer de este lunes, a nueve palestinos en \u00e1reas diferentes de Cisjordania.<\/p>\n<p style=\"text-align: justify;\">La agencia de noticias Maan inform\u00f3 que los militares sionistas irrumpieron al sur de Naplusa y las localidades de Beita, Asira al-Qibliya, Urif, Shweikeh, Tulkarm y el campamento de refugiados de Aida al norte de Bel\u00e9n, donde asaltaron los hogares de los palestinos y arrestaron a nueve personas.<\/p>\n<p style=\"text-align: justify;\">Las tropas de ocupaci\u00f3n contin\u00faan sus pr\u00e1cticas agresivas contra los palestinos lanzando campa\u00f1as diarias de arresto con el objetivo de desplazarlos y apoderarse de sus tierras y judaizarlas.<\/p>\n<p style=\"text-align: justify;\"><strong><span style=\"color: #0000ff;\">fm\/ed<\/span><\/strong><\/p>\n","protected":false},"excerpt":{"rendered":"<p>Jerusal\u00e9n ocupada, SANA Las fuerzas de ocupaci\u00f3n israel\u00edes arrestaron al amanecer de este lunes, a nueve palestinos en \u00e1reas diferentes de Cisjordania. La agencia de noticias Maan inform\u00f3 que los militares sionistas irrumpieron al sur de Naplusa y las localidades de Beita, Asira al-Qibliya, Urif, Shweikeh, Tulkarm y el campamento de refugiados de Aida al &hellip;<\/p>\n","protected":false},"author":32,"featured_media":186008,"comment_status":"closed","ping_status":"closed","sticky":false,"template":"","format":"standard","meta":{"footnotes":""},"categories":[597,456,7541],"tags":[],"class_list":["post-186007","post","type-post","status-publish","format-standard","has-post-thumbnail","","category-cinta-de-noticias","category-arabe-internacional-politica","category-ultimas-noticias"],"_links":{"self":[{"href":"https:\/\/archive.sana.sy\/es\/index.php?rest_route=\/wp\/v2\/posts\/186007"}],"collection":[{"href":"https:\/\/archive.sana.sy\/es\/index.php?rest_route=\/wp\/v2\/posts"}],"about":[{"href":"https:\/\/archive.sana.sy\/es\/index.php?rest_route=\/wp\/v2\/types\/post"}],"author":[{"embeddable":true,"href":"https:\/\/archive.sana.sy\/es\/index.php?rest_route=\/wp\/v2\/users\/32"}],"replies":[{"embeddable":true,"href":"https:\/\/archive.sana.sy\/es\/index.php?rest_route=%2Fwp%2Fv2%2Fcomments&post=186007"}],"version-history":[{"count":0,"href":"https:\/\/archive.sana.sy\/es\/index.php?rest_route=\/wp\/v2\/posts\/186007\/revisions"}],"wp:featuredmedia":[{"embeddable":true,"href":"https:\/\/archive.sana.sy\/es\/index.php?rest_route=\/wp\/v2\/media\/186008"}],"wp:attachment":[{"href":"https:\/\/archive.sana.sy\/es\/index.php?rest_route=%2Fwp%2Fv2%2Fmedia&parent=186007"}],"wp:term":[{"taxonomy":"category","embeddable":true,"href":"https:\/\/archive.sana.sy\/es\/index.php?rest_route=%2Fwp%2Fv2%2Fcategories&post=186007"},{"taxonomy":"post_tag","embeddable":true,"href":"https:\/\/archive.sana.sy\/es\/index.php?rest_route=%2Fwp%2Fv2%2Ftags&post=186007"}],"curies":[{"name":"wp","href":"https:\/\/api.w.org\/{rel}","templated":true}]}}