{"id":186010,"date":"2021-06-21T10:25:00","date_gmt":"2021-06-21T07:25:00","guid":{"rendered":"http:\/\/107.6.182.27\/es\/?p=186010"},"modified":"2023-01-10T14:28:03","modified_gmt":"2023-01-10T12:28:03","slug":"el-ocupante-turco-y-sus-mercenarios-bombardean-localidades-de-tal-rifaat-y-ain-daqneh-alepo","status":"publish","type":"post","link":"https:\/\/archive.sana.sy\/es\/?p=186010","title":{"rendered":"El ocupante turco y sus mercenarios bombardean localidades de Tal Rifaat y Ain Daqneh\/ Alepo"},"content":{"rendered":"<p style=\"text-align: justify;\"><span style=\"color: #800000;\"><strong>Alepo, SANA<\/strong><\/span><\/p>\n<p style=\"text-align: justify;\">Las fuerzas de ocupaci\u00f3n turcas y sus mercenarios terroristas reanudaron sus bombardeos contra las localidades de Tal Rifaat y Ain Daqneh, al norte de la provincia de Alepo.<\/p>\n<p style=\"text-align: justify;\">Activistas locales informaron al corresponsal de SANA que los militares turcos dispararon proyectiles contra las referidas localidades, lo que provoc\u00f3 da\u00f1os materiales en las viviendas y propiedades.<\/p>\n<p style=\"text-align: justify;\">En la v\u00edspera, las tropas turcas dispararon proyectiles contra la aldea de Marnaz y la localidad de Tal Refaat, causando p\u00e9rdidas materiales en las propiedades de los lugare\u00f1os y las tierras agr\u00edcolas.<\/p>\n<p style=\"text-align: justify;\"><strong><span style=\"color: #0000ff;\">ed\/fm<\/span><\/strong><\/p>\n","protected":false},"excerpt":{"rendered":"<p>Alepo, SANA Las fuerzas de ocupaci\u00f3n turcas y sus mercenarios terroristas reanudaron sus bombardeos contra las localidades de Tal Rifaat y Ain Daqneh, al norte de la provincia de Alepo. Activistas locales informaron al corresponsal de SANA que los militares turcos dispararon proyectiles contra las referidas localidades, lo que provoc\u00f3 da\u00f1os materiales en las viviendas &hellip;<\/p>\n","protected":false},"author":32,"featured_media":186011,"comment_status":"closed","ping_status":"closed","sticky":false,"template":"","format":"standard","meta":{"footnotes":""},"categories":[477,447,597,476,7541],"tags":[],"class_list":["post-186010","post","type-post","status-publish","format-standard","has-post-thumbnail","","category-noticias-edulcorantes","category-local-politica","category-cinta-de-noticias","category-locales","category-ultimas-noticias"],"_links":{"self":[{"href":"https:\/\/archive.sana.sy\/es\/index.php?rest_route=\/wp\/v2\/posts\/186010"}],"collection":[{"href":"https:\/\/archive.sana.sy\/es\/index.php?rest_route=\/wp\/v2\/posts"}],"about":[{"href":"https:\/\/archive.sana.sy\/es\/index.php?rest_route=\/wp\/v2\/types\/post"}],"author":[{"embeddable":true,"href":"https:\/\/archive.sana.sy\/es\/index.php?rest_route=\/wp\/v2\/users\/32"}],"replies":[{"embeddable":true,"href":"https:\/\/archive.sana.sy\/es\/index.php?rest_route=%2Fwp%2Fv2%2Fcomments&post=186010"}],"version-history":[{"count":0,"href":"https:\/\/archive.sana.sy\/es\/index.php?rest_route=\/wp\/v2\/posts\/186010\/revisions"}],"wp:featuredmedia":[{"embeddable":true,"href":"https:\/\/archive.sana.sy\/es\/index.php?rest_route=\/wp\/v2\/media\/186011"}],"wp:attachment":[{"href":"https:\/\/archive.sana.sy\/es\/index.php?rest_route=%2Fwp%2Fv2%2Fmedia&parent=186010"}],"wp:term":[{"taxonomy":"category","embeddable":true,"href":"https:\/\/archive.sana.sy\/es\/index.php?rest_route=%2Fwp%2Fv2%2Fcategories&post=186010"},{"taxonomy":"post_tag","embeddable":true,"href":"https:\/\/archive.sana.sy\/es\/index.php?rest_route=%2Fwp%2Fv2%2Ftags&post=186010"}],"curies":[{"name":"wp","href":"https:\/\/api.w.org\/{rel}","templated":true}]}}