{"id":186034,"date":"2021-06-21T14:25:18","date_gmt":"2021-06-21T11:25:18","guid":{"rendered":"http:\/\/107.6.182.27\/es\/?p=186034"},"modified":"2023-01-10T14:28:03","modified_gmt":"2023-01-10T12:28:03","slug":"una-mujer-murio-y-varios-civiles-resultaron-heridos-en-un-ataque-de-la-milicia-fds","status":"publish","type":"post","link":"https:\/\/archive.sana.sy\/es\/?p=186034","title":{"rendered":"Una mujer muri\u00f3 y varios civiles resultaron heridos en un ataque de la milicia FDS"},"content":{"rendered":"<p style=\"text-align: justify;\"><span style=\"color: #800000;\"><strong>Hasakeh, SANA<\/strong><\/span><\/p>\n<p style=\"text-align: justify;\">Una mujer perdi\u00f3 la vida y varios civiles resultaron heridos por disparos de la milicia FDS respaldada por la ocupaci\u00f3n estadounidense cuando efectivos abrieron fuego contra un veh\u00edculo de transporte p\u00fablico junto a la entrada del municipio de Tal Hamis, al sur de Qamishli.<\/p>\n<p style=\"text-align: justify;\">Activistas locales informaron a SANA que los milicianos estacionados en el llamado &#8220;puesto de control de Al-Shahin&#8221; en la entrada de la localidad de Tel Hamis, activaron sus armas autom\u00e1ticas matando a una mujer que estaba dentro del minibus mientras otros resultaron heridos.<\/p>\n<p style=\"text-align: justify;\">Agregaron que los integrantes abrieron fuego contra el veh\u00edculo, durante su intento de secuestrar a uno de los pasajeros.<\/p>\n<p style=\"text-align: justify;\"><strong><span style=\"color: #0000ff;\">ed\/rsh<\/span><\/strong><\/p>\n","protected":false},"excerpt":{"rendered":"<p>Hasakeh, SANA Una mujer perdi\u00f3 la vida y varios civiles resultaron heridos por disparos de la milicia FDS respaldada por la ocupaci\u00f3n estadounidense cuando efectivos abrieron fuego contra un veh\u00edculo de transporte p\u00fablico junto a la entrada del municipio de Tal Hamis, al sur de Qamishli. Activistas locales informaron a SANA que los milicianos estacionados &hellip;<\/p>\n","protected":false},"author":32,"featured_media":176680,"comment_status":"closed","ping_status":"closed","sticky":false,"template":"","format":"standard","meta":{"footnotes":""},"categories":[447,477,597,573,7541],"tags":[],"class_list":["post-186034","post","type-post","status-publish","format-standard","has-post-thumbnail","","category-local-politica","category-noticias-edulcorantes","category-cinta-de-noticias","category-la-realidad-de-los-acontecimientos-en-siria","category-ultimas-noticias"],"_links":{"self":[{"href":"https:\/\/archive.sana.sy\/es\/index.php?rest_route=\/wp\/v2\/posts\/186034"}],"collection":[{"href":"https:\/\/archive.sana.sy\/es\/index.php?rest_route=\/wp\/v2\/posts"}],"about":[{"href":"https:\/\/archive.sana.sy\/es\/index.php?rest_route=\/wp\/v2\/types\/post"}],"author":[{"embeddable":true,"href":"https:\/\/archive.sana.sy\/es\/index.php?rest_route=\/wp\/v2\/users\/32"}],"replies":[{"embeddable":true,"href":"https:\/\/archive.sana.sy\/es\/index.php?rest_route=%2Fwp%2Fv2%2Fcomments&post=186034"}],"version-history":[{"count":0,"href":"https:\/\/archive.sana.sy\/es\/index.php?rest_route=\/wp\/v2\/posts\/186034\/revisions"}],"wp:featuredmedia":[{"embeddable":true,"href":"https:\/\/archive.sana.sy\/es\/index.php?rest_route=\/wp\/v2\/media\/176680"}],"wp:attachment":[{"href":"https:\/\/archive.sana.sy\/es\/index.php?rest_route=%2Fwp%2Fv2%2Fmedia&parent=186034"}],"wp:term":[{"taxonomy":"category","embeddable":true,"href":"https:\/\/archive.sana.sy\/es\/index.php?rest_route=%2Fwp%2Fv2%2Fcategories&post=186034"},{"taxonomy":"post_tag","embeddable":true,"href":"https:\/\/archive.sana.sy\/es\/index.php?rest_route=%2Fwp%2Fv2%2Ftags&post=186034"}],"curies":[{"name":"wp","href":"https:\/\/api.w.org\/{rel}","templated":true}]}}