{"id":186036,"date":"2021-06-21T14:36:45","date_gmt":"2021-06-21T11:36:45","guid":{"rendered":"http:\/\/107.6.182.27\/es\/?p=186036"},"modified":"2023-01-10T14:28:02","modified_gmt":"2023-01-10T12:28:02","slug":"una-mina-de-la-milicia-fds-mata-a-un-nino-e-hiere-a-otros-dos","status":"publish","type":"post","link":"https:\/\/archive.sana.sy\/es\/?p=186036","title":{"rendered":"Una mina de la milicia FDS mata a un ni\u00f1o e hiere a otros dos"},"content":{"rendered":"<p style=\"text-align: justify;\"><span style=\"color: #800000;\"><strong>Hasakeh, SANA<\/strong><\/span><\/p>\n<p style=\"text-align: justify;\">Un ni\u00f1o perdi\u00f3 la vida y otros dos resultaron heridos por la explosi\u00f3n de una mina sembrada por las llamadas Fuerzas Democr\u00e1ticas Sirias (FDS) mientras fortificaban sus posiciones y su cuartel general en las cercan\u00edas de Tel Tamer, al noroeste de Hasakeh.<\/p>\n<p style=\"text-align: justify;\">Activistas locales comunicaron a SANA que una mina explot\u00f3 en el pueblo de Al-Farahiya, en el municipio de Tel Tamer, matando a un ni\u00f1o de 6 a\u00f1os e hiriendo a su hermana de 9 a\u00f1os y a su primo de 7 a\u00f1os.<\/p>\n<p style=\"text-align: justify;\">Una fuente m\u00e9dica inform\u00f3 al corresponsal de SANA que los heridos fueron ingresados en las unidades de cuidados intensivos.<\/p>\n<p style=\"text-align: justify;\">El 14 de este mes, dos ni\u00f1os perdieron la vida y tres ni\u00f1as resultaron heridas cuando estall\u00f3 una mina sembrada antes por los milicianos mientras fortificaban sus posiciones y su cuartel general en la ciudad de Al-Malikiyah en la provincia de Hasakeh.<\/p>\n<p style=\"text-align: justify;\"><span style=\"color: #0000ff;\"><strong>ed\/rsh<\/strong><\/span><\/p>\n","protected":false},"excerpt":{"rendered":"<p>Hasakeh, SANA Un ni\u00f1o perdi\u00f3 la vida y otros dos resultaron heridos por la explosi\u00f3n de una mina sembrada por las llamadas Fuerzas Democr\u00e1ticas Sirias (FDS) mientras fortificaban sus posiciones y su cuartel general en las cercan\u00edas de Tel Tamer, al noroeste de Hasakeh. Activistas locales comunicaron a SANA que una mina explot\u00f3 en el &hellip;<\/p>\n","protected":false},"author":32,"featured_media":177039,"comment_status":"closed","ping_status":"closed","sticky":false,"template":"","format":"standard","meta":{"footnotes":""},"categories":[477,447,597,476,7541],"tags":[],"class_list":["post-186036","post","type-post","status-publish","format-standard","has-post-thumbnail","","category-noticias-edulcorantes","category-local-politica","category-cinta-de-noticias","category-locales","category-ultimas-noticias"],"_links":{"self":[{"href":"https:\/\/archive.sana.sy\/es\/index.php?rest_route=\/wp\/v2\/posts\/186036"}],"collection":[{"href":"https:\/\/archive.sana.sy\/es\/index.php?rest_route=\/wp\/v2\/posts"}],"about":[{"href":"https:\/\/archive.sana.sy\/es\/index.php?rest_route=\/wp\/v2\/types\/post"}],"author":[{"embeddable":true,"href":"https:\/\/archive.sana.sy\/es\/index.php?rest_route=\/wp\/v2\/users\/32"}],"replies":[{"embeddable":true,"href":"https:\/\/archive.sana.sy\/es\/index.php?rest_route=%2Fwp%2Fv2%2Fcomments&post=186036"}],"version-history":[{"count":0,"href":"https:\/\/archive.sana.sy\/es\/index.php?rest_route=\/wp\/v2\/posts\/186036\/revisions"}],"wp:featuredmedia":[{"embeddable":true,"href":"https:\/\/archive.sana.sy\/es\/index.php?rest_route=\/wp\/v2\/media\/177039"}],"wp:attachment":[{"href":"https:\/\/archive.sana.sy\/es\/index.php?rest_route=%2Fwp%2Fv2%2Fmedia&parent=186036"}],"wp:term":[{"taxonomy":"category","embeddable":true,"href":"https:\/\/archive.sana.sy\/es\/index.php?rest_route=%2Fwp%2Fv2%2Fcategories&post=186036"},{"taxonomy":"post_tag","embeddable":true,"href":"https:\/\/archive.sana.sy\/es\/index.php?rest_route=%2Fwp%2Fv2%2Ftags&post=186036"}],"curies":[{"name":"wp","href":"https:\/\/api.w.org\/{rel}","templated":true}]}}