{"id":186038,"date":"2021-06-21T09:02:01","date_gmt":"2021-06-21T06:02:01","guid":{"rendered":"http:\/\/107.6.182.27\/es\/?p=186038"},"modified":"2023-01-10T14:28:03","modified_gmt":"2023-01-10T12:28:03","slug":"un-pastor-de-ovejas-muere-victima-de-la-explosion-de-una-mina","status":"publish","type":"post","link":"https:\/\/archive.sana.sy\/es\/?p=186038","title":{"rendered":"Un pastor de ovejas muere v\u00edctima de la explosion de una mina"},"content":{"rendered":"<p style=\"text-align: justify;\"><span style=\"color: #800000;\"><strong>Idleb, SANA<\/strong><\/span><\/p>\n<p style=\"text-align: justify;\">Un civil perdi\u00f3 la vida al estallarse una mina antipersonal remanente en la periferia de la localidad de Hamdaniya en el campo oriental de Idleb.<\/p>\n<p style=\"text-align: justify;\">Una fuente policial local dijo al reporter de SANA que una mina terrestre remanente de las organizaciones hostiles explot\u00f3 al paso de un pastor de ovejas por las tierras agr\u00edcolas cerca del silo de Hamdaniya en el campo sure\u00f1o de Idleb. En consecuencia el pastor muri\u00f3 como resultado de sus graves heridas.<\/p>\n<p style=\"text-align: justify;\">Las organizaciones armadas hab\u00edan sembrado minas y cargas explosivas en sus lugares de despliegue en poblados y tierras agr\u00edcolas.<\/p>\n<p style=\"text-align: justify;\"><span style=\"color: #0000ff;\"><strong>rsh\/ed<\/strong><\/span><\/p>\n","protected":false},"excerpt":{"rendered":"<p>Idleb, SANA Un civil perdi\u00f3 la vida al estallarse una mina antipersonal remanente en la periferia de la localidad de Hamdaniya en el campo oriental de Idleb. Una fuente policial local dijo al reporter de SANA que una mina terrestre remanente de las organizaciones hostiles explot\u00f3 al paso de un pastor de ovejas por las &hellip;<\/p>\n","protected":false},"author":32,"featured_media":186041,"comment_status":"closed","ping_status":"closed","sticky":false,"template":"","format":"standard","meta":{"footnotes":""},"categories":[477,447,597,573,476,7541],"tags":[],"class_list":["post-186038","post","type-post","status-publish","format-standard","has-post-thumbnail","","category-noticias-edulcorantes","category-local-politica","category-cinta-de-noticias","category-la-realidad-de-los-acontecimientos-en-siria","category-locales","category-ultimas-noticias"],"_links":{"self":[{"href":"https:\/\/archive.sana.sy\/es\/index.php?rest_route=\/wp\/v2\/posts\/186038"}],"collection":[{"href":"https:\/\/archive.sana.sy\/es\/index.php?rest_route=\/wp\/v2\/posts"}],"about":[{"href":"https:\/\/archive.sana.sy\/es\/index.php?rest_route=\/wp\/v2\/types\/post"}],"author":[{"embeddable":true,"href":"https:\/\/archive.sana.sy\/es\/index.php?rest_route=\/wp\/v2\/users\/32"}],"replies":[{"embeddable":true,"href":"https:\/\/archive.sana.sy\/es\/index.php?rest_route=%2Fwp%2Fv2%2Fcomments&post=186038"}],"version-history":[{"count":0,"href":"https:\/\/archive.sana.sy\/es\/index.php?rest_route=\/wp\/v2\/posts\/186038\/revisions"}],"wp:featuredmedia":[{"embeddable":true,"href":"https:\/\/archive.sana.sy\/es\/index.php?rest_route=\/wp\/v2\/media\/186041"}],"wp:attachment":[{"href":"https:\/\/archive.sana.sy\/es\/index.php?rest_route=%2Fwp%2Fv2%2Fmedia&parent=186038"}],"wp:term":[{"taxonomy":"category","embeddable":true,"href":"https:\/\/archive.sana.sy\/es\/index.php?rest_route=%2Fwp%2Fv2%2Fcategories&post=186038"},{"taxonomy":"post_tag","embeddable":true,"href":"https:\/\/archive.sana.sy\/es\/index.php?rest_route=%2Fwp%2Fv2%2Ftags&post=186038"}],"curies":[{"name":"wp","href":"https:\/\/api.w.org\/{rel}","templated":true}]}}