{"id":186061,"date":"2021-06-21T19:59:22","date_gmt":"2021-06-21T16:59:22","guid":{"rendered":"http:\/\/107.6.182.27\/es\/?p=186061"},"modified":"2021-06-21T19:59:22","modified_gmt":"2021-06-21T16:59:22","slug":"siria-e-irak-por-mayor-cooperacion-asociacion-e-integracion-en-el-sector-industrial","status":"publish","type":"post","link":"https:\/\/archive.sana.sy\/es\/?p=186061","title":{"rendered":"Siria e Irak por mayor cooperaci\u00f3n, asociaci\u00f3n e integraci\u00f3n en el sector industrial"},"content":{"rendered":"<p style=\"text-align: justify;\"><span style=\"color: #800000;\">Damasco, SANA<\/span><\/p>\n<p style=\"text-align: justify;\">El ministro de Industria de Siria, Ziad Sabbagh, y su hom\u00f3logo iraqu\u00ed, Manhal Aziz al-Khabbaz, firmaron este lunes las actas de las reuniones sostenidas entre las dos partes en la capital Damasco.<\/p>\n<p style=\"text-align: justify;\">El acto de r\u00fabrica tuvo lugar al concluir la delegaci\u00f3n industrial iraqu\u00ed su visita de seis d\u00edas al pa\u00eds.<\/p>\n<p style=\"text-align: justify;\">La visita seg\u00fan el titular sirio de Industria, incluy\u00f3 muchas reuniones en aras de establecer una base de cooperaci\u00f3n conjunta entre los dos pa\u00edses en los campos industrial y econ\u00f3mico.<\/p>\n<p style=\"text-align: justify;\">Por su parte, el ministro iraqu\u00ed destac\u00f3 la importancia de la visita y el papel del sector privado en el avance de la industria en los dos pa\u00edses a trav\u00e9s del intercambio de experiencias de todo tipo y el trabajo para establecer una zona industrial conjunta.<\/p>\n<p style=\"text-align: justify;\">El titular iraqu\u00ed comunic\u00f3 a SANA que, entre los puntos m\u00e1s importantes acordados entre Siria e Iraq, est\u00e1 la posibilidad de cooperaci\u00f3n, asociaci\u00f3n, intercambio de experiencias y capacitaci\u00f3n, adem\u00e1s de estudiar la facilitaci\u00f3n de visas para los empresarios e industriales de los dos lados, y cuestiones de transporte terrestre y mar\u00edtimo.<\/p>\n<p style=\"text-align: justify;\">La delegaci\u00f3n industrial iraqu\u00ed abord\u00f3 en Siria las formas de cooperaci\u00f3n industrial y econ\u00f3mica, as\u00ed como visit\u00f3 numerosas instalaciones industriales en Damasco-campo y Alepo para estarse al tanto del desarrollo industrial en Siria y las v\u00edas de beneficiarse de la experiencia industrial siria.<\/p>\n<p style=\"text-align: justify;\"><span style=\"color: #0000ff;\">rr\/fm<\/span><\/p>\n<div id='gallery-1' class='gallery galleryid-186061 gallery-columns-3 gallery-size-thumbnail'><figure class='gallery-item'>\n\t\t\t<div class='gallery-icon landscape'>\n\t\t\t\t<a href='https:\/\/archive.sana.sy\/es\/wp-content\/uploads\/2021\/06\/DSC_4107-scaled.jpg'><img loading=\"lazy\" decoding=\"async\" width=\"150\" height=\"87\" src=\"https:\/\/archive.sana.sy\/es\/wp-content\/uploads\/2021\/06\/DSC_4107-150x87.jpg\" class=\"attachment-thumbnail size-thumbnail\" alt=\"\" srcset=\"https:\/\/archive.sana.sy\/es\/wp-content\/uploads\/2021\/06\/DSC_4107-150x87.jpg 150w, https:\/\/archive.sana.sy\/es\/wp-content\/uploads\/2021\/06\/DSC_4107-300x174.jpg 300w, https:\/\/archive.sana.sy\/es\/wp-content\/uploads\/2021\/06\/DSC_4107-1024x594.jpg 1024w, https:\/\/archive.sana.sy\/es\/wp-content\/uploads\/2021\/06\/DSC_4107-768x445.jpg 768w, https:\/\/archive.sana.sy\/es\/wp-content\/uploads\/2021\/06\/DSC_4107-1536x891.jpg 1536w, https:\/\/archive.sana.sy\/es\/wp-content\/uploads\/2021\/06\/DSC_4107-2048x1188.jpg 2048w\" sizes=\"(max-width: 150px) 100vw, 150px\" \/><\/a>\n\t\t\t<\/div><\/figure><figure class='gallery-item'>\n\t\t\t<div class='gallery-icon landscape'>\n\t\t\t\t<a href='https:\/\/archive.sana.sy\/es\/wp-content\/uploads\/2021\/06\/DSC_4126-scaled.jpg'><img loading=\"lazy\" decoding=\"async\" width=\"150\" height=\"95\" src=\"https:\/\/archive.sana.sy\/es\/wp-content\/uploads\/2021\/06\/DSC_4126-150x95.jpg\" class=\"attachment-thumbnail size-thumbnail\" alt=\"\" srcset=\"https:\/\/archive.sana.sy\/es\/wp-content\/uploads\/2021\/06\/DSC_4126-150x95.jpg 150w, https:\/\/archive.sana.sy\/es\/wp-content\/uploads\/2021\/06\/DSC_4126-300x190.jpg 300w, https:\/\/archive.sana.sy\/es\/wp-content\/uploads\/2021\/06\/DSC_4126-1024x648.jpg 1024w, https:\/\/archive.sana.sy\/es\/wp-content\/uploads\/2021\/06\/DSC_4126-768x486.jpg 768w, https:\/\/archive.sana.sy\/es\/wp-content\/uploads\/2021\/06\/DSC_4126-1536x972.jpg 1536w, https:\/\/archive.sana.sy\/es\/wp-content\/uploads\/2021\/06\/DSC_4126-2048x1297.jpg 2048w\" sizes=\"(max-width: 150px) 100vw, 150px\" \/><\/a>\n\t\t\t<\/div><\/figure><figure class='gallery-item'>\n\t\t\t<div class='gallery-icon landscape'>\n\t\t\t\t<a href='https:\/\/archive.sana.sy\/es\/wp-content\/uploads\/2021\/06\/DSC_4129-scaled.jpg'><img loading=\"lazy\" decoding=\"async\" width=\"150\" height=\"100\" src=\"https:\/\/archive.sana.sy\/es\/wp-content\/uploads\/2021\/06\/DSC_4129-150x100.jpg\" class=\"attachment-thumbnail size-thumbnail\" alt=\"\" srcset=\"https:\/\/archive.sana.sy\/es\/wp-content\/uploads\/2021\/06\/DSC_4129-150x100.jpg 150w, https:\/\/archive.sana.sy\/es\/wp-content\/uploads\/2021\/06\/DSC_4129-300x200.jpg 300w, https:\/\/archive.sana.sy\/es\/wp-content\/uploads\/2021\/06\/DSC_4129-1024x682.jpg 1024w, https:\/\/archive.sana.sy\/es\/wp-content\/uploads\/2021\/06\/DSC_4129-768x511.jpg 768w, https:\/\/archive.sana.sy\/es\/wp-content\/uploads\/2021\/06\/DSC_4129-1536x1022.jpg 1536w, https:\/\/archive.sana.sy\/es\/wp-content\/uploads\/2021\/06\/DSC_4129-2048x1363.jpg 2048w, https:\/\/archive.sana.sy\/es\/wp-content\/uploads\/2021\/06\/DSC_4129-310x205.jpg 310w\" sizes=\"(max-width: 150px) 100vw, 150px\" \/><\/a>\n\t\t\t<\/div><\/figure><figure class='gallery-item'>\n\t\t\t<div class='gallery-icon landscape'>\n\t\t\t\t<a href='https:\/\/archive.sana.sy\/es\/wp-content\/uploads\/2021\/06\/DSC_4141-scaled.jpg'><img loading=\"lazy\" decoding=\"async\" width=\"150\" height=\"93\" src=\"https:\/\/archive.sana.sy\/es\/wp-content\/uploads\/2021\/06\/DSC_4141-150x93.jpg\" class=\"attachment-thumbnail size-thumbnail\" alt=\"\" srcset=\"https:\/\/archive.sana.sy\/es\/wp-content\/uploads\/2021\/06\/DSC_4141-150x93.jpg 150w, https:\/\/archive.sana.sy\/es\/wp-content\/uploads\/2021\/06\/DSC_4141-300x185.jpg 300w, https:\/\/archive.sana.sy\/es\/wp-content\/uploads\/2021\/06\/DSC_4141-1024x632.jpg 1024w, https:\/\/archive.sana.sy\/es\/wp-content\/uploads\/2021\/06\/DSC_4141-768x474.jpg 768w, https:\/\/archive.sana.sy\/es\/wp-content\/uploads\/2021\/06\/DSC_4141-1536x949.jpg 1536w, https:\/\/archive.sana.sy\/es\/wp-content\/uploads\/2021\/06\/DSC_4141-2048x1265.jpg 2048w\" sizes=\"(max-width: 150px) 100vw, 150px\" \/><\/a>\n\t\t\t<\/div><\/figure><figure class='gallery-item'>\n\t\t\t<div class='gallery-icon landscape'>\n\t\t\t\t<a href='https:\/\/archive.sana.sy\/es\/wp-content\/uploads\/2021\/06\/DSC_4147-scaled.jpg'><img loading=\"lazy\" decoding=\"async\" width=\"150\" height=\"94\" src=\"https:\/\/archive.sana.sy\/es\/wp-content\/uploads\/2021\/06\/DSC_4147-150x94.jpg\" class=\"attachment-thumbnail size-thumbnail\" alt=\"\" srcset=\"https:\/\/archive.sana.sy\/es\/wp-content\/uploads\/2021\/06\/DSC_4147-150x94.jpg 150w, https:\/\/archive.sana.sy\/es\/wp-content\/uploads\/2021\/06\/DSC_4147-300x187.jpg 300w, https:\/\/archive.sana.sy\/es\/wp-content\/uploads\/2021\/06\/DSC_4147-1024x639.jpg 1024w, https:\/\/archive.sana.sy\/es\/wp-content\/uploads\/2021\/06\/DSC_4147-768x479.jpg 768w, https:\/\/archive.sana.sy\/es\/wp-content\/uploads\/2021\/06\/DSC_4147-1536x958.jpg 1536w, https:\/\/archive.sana.sy\/es\/wp-content\/uploads\/2021\/06\/DSC_4147-2048x1277.jpg 2048w\" sizes=\"(max-width: 150px) 100vw, 150px\" \/><\/a>\n\t\t\t<\/div><\/figure><figure class='gallery-item'>\n\t\t\t<div class='gallery-icon landscape'>\n\t\t\t\t<a href='https:\/\/archive.sana.sy\/es\/wp-content\/uploads\/2021\/06\/DSC_4148-scaled.jpg'><img loading=\"lazy\" decoding=\"async\" width=\"150\" height=\"100\" src=\"https:\/\/archive.sana.sy\/es\/wp-content\/uploads\/2021\/06\/DSC_4148-150x100.jpg\" class=\"attachment-thumbnail size-thumbnail\" alt=\"\" srcset=\"https:\/\/archive.sana.sy\/es\/wp-content\/uploads\/2021\/06\/DSC_4148-150x100.jpg 150w, https:\/\/archive.sana.sy\/es\/wp-content\/uploads\/2021\/06\/DSC_4148-300x200.jpg 300w, https:\/\/archive.sana.sy\/es\/wp-content\/uploads\/2021\/06\/DSC_4148-1024x682.jpg 1024w, https:\/\/archive.sana.sy\/es\/wp-content\/uploads\/2021\/06\/DSC_4148-768x511.jpg 768w, https:\/\/archive.sana.sy\/es\/wp-content\/uploads\/2021\/06\/DSC_4148-1536x1022.jpg 1536w, https:\/\/archive.sana.sy\/es\/wp-content\/uploads\/2021\/06\/DSC_4148-2048x1363.jpg 2048w, https:\/\/archive.sana.sy\/es\/wp-content\/uploads\/2021\/06\/DSC_4148-310x205.jpg 310w\" sizes=\"(max-width: 150px) 100vw, 150px\" \/><\/a>\n\t\t\t<\/div><\/figure><figure class='gallery-item'>\n\t\t\t<div class='gallery-icon landscape'>\n\t\t\t\t<a href='https:\/\/archive.sana.sy\/es\/wp-content\/uploads\/2021\/06\/DSC_4152-scaled.jpg'><img loading=\"lazy\" decoding=\"async\" width=\"150\" height=\"95\" src=\"https:\/\/archive.sana.sy\/es\/wp-content\/uploads\/2021\/06\/DSC_4152-150x95.jpg\" class=\"attachment-thumbnail size-thumbnail\" alt=\"\" srcset=\"https:\/\/archive.sana.sy\/es\/wp-content\/uploads\/2021\/06\/DSC_4152-150x95.jpg 150w, https:\/\/archive.sana.sy\/es\/wp-content\/uploads\/2021\/06\/DSC_4152-300x190.jpg 300w, https:\/\/archive.sana.sy\/es\/wp-content\/uploads\/2021\/06\/DSC_4152-1024x649.jpg 1024w, https:\/\/archive.sana.sy\/es\/wp-content\/uploads\/2021\/06\/DSC_4152-768x487.jpg 768w, https:\/\/archive.sana.sy\/es\/wp-content\/uploads\/2021\/06\/DSC_4152-1536x974.jpg 1536w, https:\/\/archive.sana.sy\/es\/wp-content\/uploads\/2021\/06\/DSC_4152-2048x1298.jpg 2048w\" sizes=\"(max-width: 150px) 100vw, 150px\" \/><\/a>\n\t\t\t<\/div><\/figure><figure class='gallery-item'>\n\t\t\t<div class='gallery-icon landscape'>\n\t\t\t\t<a href='https:\/\/archive.sana.sy\/es\/wp-content\/uploads\/2021\/06\/DSC_4172-scaled.jpg'><img loading=\"lazy\" decoding=\"async\" width=\"150\" height=\"98\" src=\"https:\/\/archive.sana.sy\/es\/wp-content\/uploads\/2021\/06\/DSC_4172-150x98.jpg\" class=\"attachment-thumbnail size-thumbnail\" alt=\"\" srcset=\"https:\/\/archive.sana.sy\/es\/wp-content\/uploads\/2021\/06\/DSC_4172-150x98.jpg 150w, https:\/\/archive.sana.sy\/es\/wp-content\/uploads\/2021\/06\/DSC_4172-300x195.jpg 300w, https:\/\/archive.sana.sy\/es\/wp-content\/uploads\/2021\/06\/DSC_4172-1024x666.jpg 1024w, https:\/\/archive.sana.sy\/es\/wp-content\/uploads\/2021\/06\/DSC_4172-768x499.jpg 768w, https:\/\/archive.sana.sy\/es\/wp-content\/uploads\/2021\/06\/DSC_4172-1536x998.jpg 1536w, https:\/\/archive.sana.sy\/es\/wp-content\/uploads\/2021\/06\/DSC_4172-2048x1331.jpg 2048w, https:\/\/archive.sana.sy\/es\/wp-content\/uploads\/2021\/06\/DSC_4172-310x205.jpg 310w\" sizes=\"(max-width: 150px) 100vw, 150px\" \/><\/a>\n\t\t\t<\/div><\/figure><figure class='gallery-item'>\n\t\t\t<div class='gallery-icon landscape'>\n\t\t\t\t<a href='https:\/\/archive.sana.sy\/es\/wp-content\/uploads\/2021\/06\/DSC_4195-scaled.jpg'><img loading=\"lazy\" decoding=\"async\" width=\"150\" height=\"100\" src=\"https:\/\/archive.sana.sy\/es\/wp-content\/uploads\/2021\/06\/DSC_4195-150x100.jpg\" class=\"attachment-thumbnail size-thumbnail\" alt=\"\" srcset=\"https:\/\/archive.sana.sy\/es\/wp-content\/uploads\/2021\/06\/DSC_4195-150x100.jpg 150w, https:\/\/archive.sana.sy\/es\/wp-content\/uploads\/2021\/06\/DSC_4195-300x201.jpg 300w, https:\/\/archive.sana.sy\/es\/wp-content\/uploads\/2021\/06\/DSC_4195-1024x685.jpg 1024w, https:\/\/archive.sana.sy\/es\/wp-content\/uploads\/2021\/06\/DSC_4195-768x514.jpg 768w, https:\/\/archive.sana.sy\/es\/wp-content\/uploads\/2021\/06\/DSC_4195-1536x1027.jpg 1536w, https:\/\/archive.sana.sy\/es\/wp-content\/uploads\/2021\/06\/DSC_4195-2048x1369.jpg 2048w, https:\/\/archive.sana.sy\/es\/wp-content\/uploads\/2021\/06\/DSC_4195-310x205.jpg 310w\" sizes=\"(max-width: 150px) 100vw, 150px\" \/><\/a>\n\t\t\t<\/div><\/figure><figure class='gallery-item'>\n\t\t\t<div class='gallery-icon landscape'>\n\t\t\t\t<a href='https:\/\/archive.sana.sy\/es\/wp-content\/uploads\/2021\/06\/DSC_4226-scaled.jpg'><img loading=\"lazy\" decoding=\"async\" width=\"150\" height=\"100\" src=\"https:\/\/archive.sana.sy\/es\/wp-content\/uploads\/2021\/06\/DSC_4226-150x100.jpg\" class=\"attachment-thumbnail size-thumbnail\" alt=\"\" srcset=\"https:\/\/archive.sana.sy\/es\/wp-content\/uploads\/2021\/06\/DSC_4226-150x100.jpg 150w, https:\/\/archive.sana.sy\/es\/wp-content\/uploads\/2021\/06\/DSC_4226-300x200.jpg 300w, https:\/\/archive.sana.sy\/es\/wp-content\/uploads\/2021\/06\/DSC_4226-1024x682.jpg 1024w, https:\/\/archive.sana.sy\/es\/wp-content\/uploads\/2021\/06\/DSC_4226-768x511.jpg 768w, https:\/\/archive.sana.sy\/es\/wp-content\/uploads\/2021\/06\/DSC_4226-1536x1022.jpg 1536w, https:\/\/archive.sana.sy\/es\/wp-content\/uploads\/2021\/06\/DSC_4226-2048x1363.jpg 2048w, https:\/\/archive.sana.sy\/es\/wp-content\/uploads\/2021\/06\/DSC_4226-310x205.jpg 310w\" sizes=\"(max-width: 150px) 100vw, 150px\" \/><\/a>\n\t\t\t<\/div><\/figure><figure class='gallery-item'>\n\t\t\t<div class='gallery-icon landscape'>\n\t\t\t\t<a href='https:\/\/archive.sana.sy\/es\/wp-content\/uploads\/2021\/06\/DSC_4242-scaled.jpg'><img loading=\"lazy\" decoding=\"async\" width=\"150\" height=\"92\" src=\"https:\/\/archive.sana.sy\/es\/wp-content\/uploads\/2021\/06\/DSC_4242-150x92.jpg\" class=\"attachment-thumbnail size-thumbnail\" alt=\"\" srcset=\"https:\/\/archive.sana.sy\/es\/wp-content\/uploads\/2021\/06\/DSC_4242-150x92.jpg 150w, https:\/\/archive.sana.sy\/es\/wp-content\/uploads\/2021\/06\/DSC_4242-300x185.jpg 300w, https:\/\/archive.sana.sy\/es\/wp-content\/uploads\/2021\/06\/DSC_4242-1024x631.jpg 1024w, https:\/\/archive.sana.sy\/es\/wp-content\/uploads\/2021\/06\/DSC_4242-768x473.jpg 768w, https:\/\/archive.sana.sy\/es\/wp-content\/uploads\/2021\/06\/DSC_4242-1536x946.jpg 1536w, https:\/\/archive.sana.sy\/es\/wp-content\/uploads\/2021\/06\/DSC_4242-2048x1262.jpg 2048w\" sizes=\"(max-width: 150px) 100vw, 150px\" \/><\/a>\n\t\t\t<\/div><\/figure>\n\t\t<\/div>\n\n","protected":false},"excerpt":{"rendered":"<p>Damasco, SANA El ministro de Industria de Siria, Ziad Sabbagh, y su hom\u00f3logo iraqu\u00ed, Manhal Aziz al-Khabbaz, firmaron este lunes las actas de las reuniones sostenidas entre las dos partes en la capital Damasco. El acto de r\u00fabrica tuvo lugar al concluir la delegaci\u00f3n industrial iraqu\u00ed su visita de seis d\u00edas al pa\u00eds. La visita &hellip;<\/p>\n","protected":false},"author":31,"featured_media":186073,"comment_status":"closed","ping_status":"closed","sticky":false,"template":"","format":"standard","meta":{"footnotes":""},"categories":[597,467,7541],"tags":[],"class_list":["post-186061","post","type-post","status-publish","format-standard","has-post-thumbnail","","category-cinta-de-noticias","category-siria-y-el-mundo","category-ultimas-noticias"],"_links":{"self":[{"href":"https:\/\/archive.sana.sy\/es\/index.php?rest_route=\/wp\/v2\/posts\/186061"}],"collection":[{"href":"https:\/\/archive.sana.sy\/es\/index.php?rest_route=\/wp\/v2\/posts"}],"about":[{"href":"https:\/\/archive.sana.sy\/es\/index.php?rest_route=\/wp\/v2\/types\/post"}],"author":[{"embeddable":true,"href":"https:\/\/archive.sana.sy\/es\/index.php?rest_route=\/wp\/v2\/users\/31"}],"replies":[{"embeddable":true,"href":"https:\/\/archive.sana.sy\/es\/index.php?rest_route=%2Fwp%2Fv2%2Fcomments&post=186061"}],"version-history":[{"count":0,"href":"https:\/\/archive.sana.sy\/es\/index.php?rest_route=\/wp\/v2\/posts\/186061\/revisions"}],"wp:featuredmedia":[{"embeddable":true,"href":"https:\/\/archive.sana.sy\/es\/index.php?rest_route=\/wp\/v2\/media\/186073"}],"wp:attachment":[{"href":"https:\/\/archive.sana.sy\/es\/index.php?rest_route=%2Fwp%2Fv2%2Fmedia&parent=186061"}],"wp:term":[{"taxonomy":"category","embeddable":true,"href":"https:\/\/archive.sana.sy\/es\/index.php?rest_route=%2Fwp%2Fv2%2Fcategories&post=186061"},{"taxonomy":"post_tag","embeddable":true,"href":"https:\/\/archive.sana.sy\/es\/index.php?rest_route=%2Fwp%2Fv2%2Ftags&post=186061"}],"curies":[{"name":"wp","href":"https:\/\/api.w.org\/{rel}","templated":true}]}}